{"id":7525,"date":"2019-11-06T14:27:16","date_gmt":"2019-11-06T17:27:16","guid":{"rendered":"http:\/\/republicanos10mg.org.br\/site\/?p=7525"},"modified":"2019-11-06T14:36:32","modified_gmt":"2019-11-06T17:36:32","slug":"cpi-de-brumadinho-deputado-gilberto-abramo-vota-a-favor-do-relatorio-final-crimes-de-homicidio-e-ambientais","status":"publish","type":"post","link":"https:\/\/republicanos10mg.org.br\/site\/cpi-de-brumadinho-deputado-gilberto-abramo-vota-a-favor-do-relatorio-final-crimes-de-homicidio-e-ambientais\/","title":{"rendered":"CPI DE BRUMADINHO &#8211; Deputado Gilberto Abramo vota a favor do relat\u00f3rio final &#8211; crimes de homic\u00eddio e ambientais"},"content":{"rendered":"\n<figure class=\"wp-block-image\"><img loading=\"lazy\" decoding=\"async\" width=\"600\" height=\"400\" src=\"http:\/\/republicanos10mg.org.br\/site\/wp-content\/uploads\/2019\/11\/foto-abramo-cpi.jpg\" alt=\"\" class=\"wp-image-7526\" title=\"\" srcset=\"https:\/\/republicanos10mg.org.br\/site\/wp-content\/uploads\/2019\/11\/foto-abramo-cpi.jpg 600w, https:\/\/republicanos10mg.org.br\/site\/wp-content\/uploads\/2019\/11\/foto-abramo-cpi-300x200.jpg 300w, https:\/\/republicanos10mg.org.br\/site\/wp-content\/uploads\/2019\/11\/foto-abramo-cpi-219x146.jpg 219w, https:\/\/republicanos10mg.org.br\/site\/wp-content\/uploads\/2019\/11\/foto-abramo-cpi-50x33.jpg 50w, https:\/\/republicanos10mg.org.br\/site\/wp-content\/uploads\/2019\/11\/foto-abramo-cpi-113x75.jpg 113w\" sizes=\"auto, (max-width:767px) 480px, 600px\" \/><\/figure>\n\n\n\n<p>Indiciamento das empresas Vale, T\u00dcV S\u00dcD e de mais 22 pessoas, al\u00e9m da Schvartsman por homic\u00eddio doloso e les\u00e3o corporal dolosa. Foi considerado ainda que a Vale e a T\u00dcV S\u00dcD devem responder por delitos previstos na Lei de Crimes Ambientais.<\/p>\n\n\n\n<p>Esse foi o relat\u00f3rio final sobre as investiga\u00e7\u00f5es da trag\u00e9dia em Brumadinho, aprovado por unanimidade na Comiss\u00e3o Parlamentar de Inqu\u00e9rito (CPI) da C\u00e2mara dos Deputados.<\/p>\n\n\n\n<p>O Deputado Federal Gilberto Abramo (Republicanos-MG) assumiu os trabalhos da CPI, em fevereiro, participando das reuni\u00f5es e interrogat\u00f3rios que deram subs\u00eddios ao relat\u00f3rio final. <\/p>\n\n\n\n<p>Segundo Gilberto Abramo, o objetivo \u00e9 que seja feito justi\u00e7a junto aos \u00f3rg\u00e3os competentes, uma vez que as provas foram pertinentes. &#8220;H\u00e1 provas concretas as quais demonstram que pessoas e empresas tinham conhecimento de que a trag\u00e9dia iria acontecer&#8221;, ressaltou.  <\/p>\n\n\n\n<p>O documento dever\u00e1 ser enviado a 25 \u00f3rg\u00e3os no \u00e2mbito federal e estadual, dos Poderes Executivo, Legislativo, al\u00e9m do Minist\u00e9rio P\u00fablico.<\/p>\n\n\n\n<figure class=\"wp-block-image\"><img loading=\"lazy\" decoding=\"async\" width=\"600\" height=\"400\" src=\"http:\/\/republicanos10mg.org.br\/site\/wp-content\/uploads\/2019\/11\/foto-cpi.jpg\" alt=\"\" class=\"wp-image-7527\" title=\"\" srcset=\"https:\/\/republicanos10mg.org.br\/site\/wp-content\/uploads\/2019\/11\/foto-cpi.jpg 600w, https:\/\/republicanos10mg.org.br\/site\/wp-content\/uploads\/2019\/11\/foto-cpi-300x200.jpg 300w, https:\/\/republicanos10mg.org.br\/site\/wp-content\/uploads\/2019\/11\/foto-cpi-219x146.jpg 219w, https:\/\/republicanos10mg.org.br\/site\/wp-content\/uploads\/2019\/11\/foto-cpi-50x33.jpg 50w, https:\/\/republicanos10mg.org.br\/site\/wp-content\/uploads\/2019\/11\/foto-cpi-113x75.jpg 113w\" sizes=\"auto, (max-width:767px) 480px, 600px\" \/><\/figure>\n\n\n\n<p>Em janeiro deste ano, uma barragem da Vale rompeu em Brumadinho, levando uma enxurrada de lama \u00e0 regi\u00e3o. Mais de 250 mortes foram confirmadas, e ainda h\u00e1 pessoas desaparecidas. <\/p>\n\n\n\n<p>Durante a vota\u00e7\u00e3o do relat\u00f3rio final, fam\u00edlias das v\u00edtimas levaram faixas e cartazes e distribu\u00edram aos deputados fotos dos mortos na trag\u00e9dia.  <\/p>\n\n\n\n<p>Foto: Douglas Gomes<\/p>\n","protected":false},"excerpt":{"rendered":"<p>Indiciamento das empresas Vale, T\u00dcV S\u00dcD e de mais 22 pessoas, al\u00e9m da Schvartsman por homic\u00eddio doloso e les\u00e3o corporal<span class=\"excerpt-hellip\"> [\u2026]<\/span><\/p>\n","protected":false},"author":1,"featured_media":7526,"comment_status":"open","ping_status":"open","sticky":false,"template":"","format":"standard","meta":{"footnotes":""},"categories":[3],"tags":[],"class_list":["post-7525","post","type-post","status-publish","format-standard","has-post-thumbnail","hentry","category-ultimas-novidades"],"_links":{"self":[{"href":"https:\/\/republicanos10mg.org.br\/site\/wp-json\/wp\/v2\/posts\/7525","targetHints":{"allow":["GET"]}}],"collection":[{"href":"https:\/\/republicanos10mg.org.br\/site\/wp-json\/wp\/v2\/posts"}],"about":[{"href":"https:\/\/republicanos10mg.org.br\/site\/wp-json\/wp\/v2\/types\/post"}],"author":[{"embeddable":true,"href":"https:\/\/republicanos10mg.org.br\/site\/wp-json\/wp\/v2\/users\/1"}],"replies":[{"embeddable":true,"href":"https:\/\/republicanos10mg.org.br\/site\/wp-json\/wp\/v2\/comments?post=7525"}],"version-history":[{"count":0,"href":"https:\/\/republicanos10mg.org.br\/site\/wp-json\/wp\/v2\/posts\/7525\/revisions"}],"wp:featuredmedia":[{"embeddable":true,"href":"https:\/\/republicanos10mg.org.br\/site\/wp-json\/wp\/v2\/media\/7526"}],"wp:attachment":[{"href":"https:\/\/republicanos10mg.org.br\/site\/wp-json\/wp\/v2\/media?parent=7525"}],"wp:term":[{"taxonomy":"category","embeddable":true,"href":"https:\/\/republicanos10mg.org.br\/site\/wp-json\/wp\/v2\/categories?post=7525"},{"taxonomy":"post_tag","embeddable":true,"href":"https:\/\/republicanos10mg.org.br\/site\/wp-json\/wp\/v2\/tags?post=7525"}],"curies":[{"name":"wp","href":"https:\/\/api.w.org\/{rel}","templated":true}]}}