{"id":5855,"date":"2019-04-29T14:31:54","date_gmt":"2019-04-29T17:31:54","guid":{"rendered":"http:\/\/republicanos10mg.org.br\/site\/?p=5855"},"modified":"2019-06-09T16:08:51","modified_gmt":"2019-06-09T19:08:51","slug":"lafayette-de-andrada-propoe-cadastro-nacional-para-veiculos-apreendidos","status":"publish","type":"post","link":"https:\/\/republicanos10mg.org.br\/site\/lafayette-de-andrada-propoe-cadastro-nacional-para-veiculos-apreendidos\/","title":{"rendered":"Lafayette de Andrada prop\u00f5e cadastro nacional para ve\u00edculos apreendidos"},"content":{"rendered":"<p style=\"text-align: justify;\"><strong>Bras\u00edlia (DF) \u2013<\/strong> O deputado federal Lafayette de Andrada <strong>(PRB-MG)<\/strong> apresentou Projeto de Lei 2271\/2019 que cria um cadastro nacional de ve\u00edculos apreendidos. A inten\u00e7\u00e3o do parlamentar \u00e9 que os ve\u00edculos que ficam em dep\u00f3sitos e p\u00e1tios dos \u00f3rg\u00e3os de tr\u00e2nsito de todo o pa\u00eds sejam cadastrados em um \u00fanico sistema, para facilitar a localiza\u00e7\u00e3o dos mesmos pelos seus propriet\u00e1rios.<\/p>\n<p style=\"text-align: justify;\">\u201cA remo\u00e7\u00e3o dos ve\u00edculos ocorre por v\u00e1rios motivos: abandono, infra\u00e7\u00f5es de tr\u00e2nsito, recupera\u00e7\u00e3o de ve\u00edculos furtados etc. Todavia, em in\u00fameros casos, os propriet\u00e1rios n\u00e3o s\u00e3o comunicados e ficam sem saber onde est\u00e1 seu ve\u00edculo. Dessa forma, a cria\u00e7\u00e3o de um registro nacional de ve\u00edculos trar\u00e1 uma s\u00e9rie de vantagens para popula\u00e7\u00e3o, permitindo, por exemplo, que um ve\u00edculo que tenha sido furtado em um estado e levado para outro possa ser localizado\u201d, destaca o republicano na justificativa do projeto.<\/p>\n<p style=\"text-align: justify;\">O projeto, se aprovado, tamb\u00e9m dar\u00e1 mais garantias e seguran\u00e7a para a comercializa\u00e7\u00e3o de ve\u00edculos usados, uma vez que um cadastro \u00fanico facilita o acesso aos dados para compradores e vendedores.<\/p>\n<p style=\"text-align: justify;\">\u201cAcreditamos que essa proposta pode ajudar at\u00e9 a diminuir o tempo desses ve\u00edculos nos dep\u00f3sitos, uma vez que o propriet\u00e1rio ter\u00e1 acesso mais r\u00e1pido para saber onde est\u00e1 seu ve\u00edculo e, consequentemente, poder recuper\u00e1-lo logo. Contribui, ainda, para minorar os efeitos sobre a sa\u00fade p\u00fablica e o meio ambiente, uma vez que a perman\u00eancia destes ve\u00edculos, nestes locais, muitas vezes por anos, expostos \u00e0s mais variadas condi\u00e7\u00f5es clim\u00e1ticas, prejudicam o solo, o len\u00e7ol fre\u00e1tico e poluem o ar e, muitos deles, s\u00e3o verdadeiros criat\u00f3rios de mosquitos e ratos, que atuam na propaga\u00e7\u00e3o de in\u00fameras doen\u00e7as\u201d, avaliou Lafayette.<\/p>\n<p style=\"text-align: justify;\">O projeto j\u00e1 foi protocolado e aguarda defini\u00e7\u00e3o da C\u00e2mara dos Deputados para designa\u00e7\u00e3o de quais comiss\u00f5es ir\u00e1 tramitar.<\/p>\n<p style=\"text-align: justify;\"><em>Texto: Ascom \u2013 deputado federal Lafayette de Andrada<\/em><br \/>\n<em>Foto: Douglas Gomes<\/em><\/p>\n","protected":false},"excerpt":{"rendered":"<p>Bras\u00edlia (DF) \u2013 O deputado federal Lafayette de Andrada (PRB-MG) apresentou Projeto de Lei 2271\/2019 que cria um cadastro nacional<span class=\"excerpt-hellip\"> [\u2026]<\/span><\/p>\n","protected":false},"author":1,"featured_media":5856,"comment_status":"open","ping_status":"open","sticky":false,"template":"","format":"standard","meta":{"footnotes":""},"categories":[3],"tags":[],"class_list":["post-5855","post","type-post","status-publish","format-standard","has-post-thumbnail","hentry","category-ultimas-novidades"],"_links":{"self":[{"href":"https:\/\/republicanos10mg.org.br\/site\/wp-json\/wp\/v2\/posts\/5855","targetHints":{"allow":["GET"]}}],"collection":[{"href":"https:\/\/republicanos10mg.org.br\/site\/wp-json\/wp\/v2\/posts"}],"about":[{"href":"https:\/\/republicanos10mg.org.br\/site\/wp-json\/wp\/v2\/types\/post"}],"author":[{"embeddable":true,"href":"https:\/\/republicanos10mg.org.br\/site\/wp-json\/wp\/v2\/users\/1"}],"replies":[{"embeddable":true,"href":"https:\/\/republicanos10mg.org.br\/site\/wp-json\/wp\/v2\/comments?post=5855"}],"version-history":[{"count":0,"href":"https:\/\/republicanos10mg.org.br\/site\/wp-json\/wp\/v2\/posts\/5855\/revisions"}],"wp:featuredmedia":[{"embeddable":true,"href":"https:\/\/republicanos10mg.org.br\/site\/wp-json\/wp\/v2\/media\/5856"}],"wp:attachment":[{"href":"https:\/\/republicanos10mg.org.br\/site\/wp-json\/wp\/v2\/media?parent=5855"}],"wp:term":[{"taxonomy":"category","embeddable":true,"href":"https:\/\/republicanos10mg.org.br\/site\/wp-json\/wp\/v2\/categories?post=5855"},{"taxonomy":"post_tag","embeddable":true,"href":"https:\/\/republicanos10mg.org.br\/site\/wp-json\/wp\/v2\/tags?post=5855"}],"curies":[{"name":"wp","href":"https:\/\/api.w.org\/{rel}","templated":true}]}}