{"id":5848,"date":"2019-04-27T21:47:50","date_gmt":"2019-04-28T00:47:50","guid":{"rendered":"http:\/\/republicanos10mg.org.br\/site\/?p=5848"},"modified":"2019-04-30T17:05:56","modified_gmt":"2019-04-30T20:05:56","slug":"igarape-inaugura-nova-sede-do-prb","status":"publish","type":"post","link":"https:\/\/republicanos10mg.org.br\/site\/igarape-inaugura-nova-sede-do-prb\/","title":{"rendered":"Igarap\u00e9 inaugura nova sede do PRB"},"content":{"rendered":"<p><img loading=\"lazy\" decoding=\"async\" class=\"aligncenter size-full wp-image-5849\" src=\"http:\/\/republicanos10mg.org.br\/site\/wp-content\/uploads\/2019\/04\/\u00edndice.jpg\" alt=\"\u00edndice\" width=\"960\" height=\"720\" title=\"\" srcset=\"https:\/\/republicanos10mg.org.br\/site\/wp-content\/uploads\/2019\/04\/\u00edndice.jpg 960w, https:\/\/republicanos10mg.org.br\/site\/wp-content\/uploads\/2019\/04\/\u00edndice-300x225.jpg 300w\" sizes=\"auto, (max-width:767px) 480px, (max-width:960px) 100vw, 960px\" \/><\/p>\n<p style=\"text-align: justify;\">Com a presen\u00e7a de utoridades, lideran\u00e7as pol\u00edticas e comunit\u00e1rias,\u00a0 o PRB da cidade de Igarap\u00e9,\u00a0 na Regi\u00e3o Metropolitana de Belo Horizonte, inaugurou sua nova sede, localizada na Rua Cristiano Machado, 632, Centro. (26\/4)<br \/>\nO presidente municipal do partido, Rubens Martins, falou sobre a import\u00e2ncia dos novos projetos para o crescimento da cidade. &#8220;O PRB n\u00e3o se consolida por a\u00e7\u00f5es extremistas, trabalha com o di\u00e1logo voltado para o povo. \u00c9 disso que o pa\u00eds precisa. Igarap\u00e9 faz parte desse contexto e se prepare para fazer a diferen\u00e7a nas elei\u00e7\u00f5es municipais em 2020.&#8221;<br \/>\n<img loading=\"lazy\" decoding=\"async\" class=\"aligncenter size-large wp-image-5853\" src=\"http:\/\/republicanos10mg.org.br\/site\/wp-content\/uploads\/2019\/04\/58374434_2343600715869306_9055015297446051840_o-1024x768.jpg\" alt=\"58374434_2343600715869306_9055015297446051840_o\" width=\"620\" height=\"465\" title=\"\" srcset=\"https:\/\/republicanos10mg.org.br\/site\/wp-content\/uploads\/2019\/04\/58374434_2343600715869306_9055015297446051840_o-1024x768.jpg 1024w, https:\/\/republicanos10mg.org.br\/site\/wp-content\/uploads\/2019\/04\/58374434_2343600715869306_9055015297446051840_o-300x225.jpg 300w, https:\/\/republicanos10mg.org.br\/site\/wp-content\/uploads\/2019\/04\/58374434_2343600715869306_9055015297446051840_o.jpg 1280w\" sizes=\"auto, (max-width:767px) 480px, 620px\" \/><br \/>\nSEGURAN\u00c7A COMO PRIORIDADE<\/p>\n<p>O evento teve a participa\u00e7\u00e3o do convidado Tenente Wander, da 7\u00b0 Cia Independente de Igarap\u00e9,\u00a0 que destacou a import\u00e2ncia da implementa\u00e7\u00e3o de a\u00e7\u00f5es na \u00e1rea de seguran\u00e7a para o munic\u00edpio.\u00a0 &#8220;Conseguimos trazer o Programa Olho vivo, para combater a viol\u00eancia. A popula\u00e7\u00e3o conta com a continuidade dessas a\u00e7\u00f5es de preven\u00e7\u00e3o contra o crime.&#8221;<br \/>\n<img loading=\"lazy\" decoding=\"async\" class=\"aligncenter size-full wp-image-5851\" src=\"http:\/\/republicanos10mg.org.br\/site\/wp-content\/uploads\/2019\/04\/58579420_2343691462526898_6634682543318761472_n.jpg\" alt=\"58579420_2343691462526898_6634682543318761472_n\" width=\"960\" height=\"720\" title=\"\" srcset=\"https:\/\/republicanos10mg.org.br\/site\/wp-content\/uploads\/2019\/04\/58579420_2343691462526898_6634682543318761472_n.jpg 960w, https:\/\/republicanos10mg.org.br\/site\/wp-content\/uploads\/2019\/04\/58579420_2343691462526898_6634682543318761472_n-300x225.jpg 300w\" sizes=\"auto, (max-width:767px) 480px, (max-width:960px) 100vw, 960px\" \/><br \/>\nSegundo o Presidente estadual do PRB Minas, Deputado Federal Gilberto Abramo, o crescimento do PRB na cidade mostra o fortalecimento e o envolvimento das lideran\u00e7as. &#8220;O PRB se fortale com os projetos voltados para a popula\u00e7\u00e3o.\u00a0 A interfer\u00eancia do poder p\u00fablico municipal \u00e9 fundamentar para concretizar as a\u00e7\u00f5es, principalmente na \u00e1rea da seguran\u00e7a, que est\u00e3o tomando grande propor\u00e7\u00e3o&#8221;, refor\u00e7a.<\/p>\n<p>O evento tamb\u00e9m contou com a participa\u00e7\u00e3o dos Deputados Estaduais Charles Santos e o apresentador Mauro Tramonte, al\u00e9m do Pastor Anderson e o cantor H\u00e9lder Lopes.<\/p>\n<p><img loading=\"lazy\" decoding=\"async\" class=\"aligncenter size-full wp-image-5850\" src=\"http:\/\/republicanos10mg.org.br\/site\/wp-content\/uploads\/2019\/04\/58463091_2343691575860220_8503647118475395072_n.jpg\" alt=\"58463091_2343691575860220_8503647118475395072_n\" width=\"960\" height=\"720\" title=\"\" srcset=\"https:\/\/republicanos10mg.org.br\/site\/wp-content\/uploads\/2019\/04\/58463091_2343691575860220_8503647118475395072_n.jpg 960w, https:\/\/republicanos10mg.org.br\/site\/wp-content\/uploads\/2019\/04\/58463091_2343691575860220_8503647118475395072_n-300x225.jpg 300w\" sizes=\"auto, (max-width:767px) 480px, (max-width:960px) 100vw, 960px\" \/><br \/>\nIGARAP\u00c9<br \/>\nMunic\u00edpio da RMBH, com mais de 40 mil habitantes,\u00a0 faz limite com os munic\u00edpios de Brumadinho,\u00a0 Itatiaiu\u00e7u, Juatuba, Mateus Leme, S\u00e3o Joaquim de Bicas e Betim. Tem como o ponto mais alto o Pico do Itatiaiu\u00e7u. A Serra de Itatiaia &#8211; Pedra Grande, \u00e9 um dos principais pontos tur\u00edsticos da cidade.<\/p>\n<p style=\"text-align: justify;\"><img loading=\"lazy\" decoding=\"async\" class=\"aligncenter size-full wp-image-5852\" src=\"http:\/\/republicanos10mg.org.br\/site\/wp-content\/uploads\/2019\/04\/58381323_2343600812535963_6596430061342031872_n.jpg\" alt=\"58381323_2343600812535963_6596430061342031872_n\" width=\"960\" height=\"720\" title=\"\" srcset=\"https:\/\/republicanos10mg.org.br\/site\/wp-content\/uploads\/2019\/04\/58381323_2343600812535963_6596430061342031872_n.jpg 960w, https:\/\/republicanos10mg.org.br\/site\/wp-content\/uploads\/2019\/04\/58381323_2343600812535963_6596430061342031872_n-300x225.jpg 300w\" sizes=\"auto, (max-width:767px) 480px, (max-width:960px) 100vw, 960px\" \/><\/p>\n<p>L\u00e9lia Queiroz<br \/>\nASCOM PRB MG<\/p>\n","protected":false},"excerpt":{"rendered":"<p>Com a presen\u00e7a de utoridades, lideran\u00e7as pol\u00edticas e comunit\u00e1rias,\u00a0 o PRB da cidade de Igarap\u00e9,\u00a0 na Regi\u00e3o Metropolitana de Belo<span class=\"excerpt-hellip\"> [\u2026]<\/span><\/p>\n","protected":false},"author":1,"featured_media":5849,"comment_status":"open","ping_status":"open","sticky":false,"template":"","format":"standard","meta":{"footnotes":""},"categories":[3],"tags":[],"class_list":["post-5848","post","type-post","status-publish","format-standard","has-post-thumbnail","hentry","category-ultimas-novidades"],"_links":{"self":[{"href":"https:\/\/republicanos10mg.org.br\/site\/wp-json\/wp\/v2\/posts\/5848","targetHints":{"allow":["GET"]}}],"collection":[{"href":"https:\/\/republicanos10mg.org.br\/site\/wp-json\/wp\/v2\/posts"}],"about":[{"href":"https:\/\/republicanos10mg.org.br\/site\/wp-json\/wp\/v2\/types\/post"}],"author":[{"embeddable":true,"href":"https:\/\/republicanos10mg.org.br\/site\/wp-json\/wp\/v2\/users\/1"}],"replies":[{"embeddable":true,"href":"https:\/\/republicanos10mg.org.br\/site\/wp-json\/wp\/v2\/comments?post=5848"}],"version-history":[{"count":0,"href":"https:\/\/republicanos10mg.org.br\/site\/wp-json\/wp\/v2\/posts\/5848\/revisions"}],"wp:featuredmedia":[{"embeddable":true,"href":"https:\/\/republicanos10mg.org.br\/site\/wp-json\/wp\/v2\/media\/5849"}],"wp:attachment":[{"href":"https:\/\/republicanos10mg.org.br\/site\/wp-json\/wp\/v2\/media?parent=5848"}],"wp:term":[{"taxonomy":"category","embeddable":true,"href":"https:\/\/republicanos10mg.org.br\/site\/wp-json\/wp\/v2\/categories?post=5848"},{"taxonomy":"post_tag","embeddable":true,"href":"https:\/\/republicanos10mg.org.br\/site\/wp-json\/wp\/v2\/tags?post=5848"}],"curies":[{"name":"wp","href":"https:\/\/api.w.org\/{rel}","templated":true}]}}