{"id":5844,"date":"2019-04-26T09:02:48","date_gmt":"2019-04-26T12:02:48","guid":{"rendered":"http:\/\/republicanos10mg.org.br\/site\/?p=5844"},"modified":"2019-04-26T11:13:51","modified_gmt":"2019-04-26T14:13:51","slug":"marcos-pereira-faz-abertura-do-comunica10-em-brasilia","status":"publish","type":"post","link":"https:\/\/republicanos10mg.org.br\/site\/marcos-pereira-faz-abertura-do-comunica10-em-brasilia\/","title":{"rendered":"Marcos Pereira faz abertura do \u201cComunica10\u201d em Bras\u00edlia"},"content":{"rendered":"<p><img loading=\"lazy\" decoding=\"async\" class=\"wp-image-195184 size-full\" title=\"Marcos Pereira faz abertura do Comunica10 - III Curso de Comunica\u00e7\u00e3o para Assessores do PRB\" src=\"https:\/\/www.prb10.org.br\/wp-content\/uploads\/2019\/04\/comunica10-curso-abertura-oficial-foto4-douglas-gomes-2-04-19-2.jpg\" alt=\"Marcos Pereira faz abertura do Comunica10 - III Curso de Comunica\u00e7\u00e3o para Assessores do PRB\" width=\"599\" height=\"400\" \/><\/p>\n<p><strong>Bras\u00edlia (DF) \u2013<\/strong> Na tarde desta quinta-feira (25), o presidente nacional do <strong>PRB<\/strong> e vice-presidente da C\u00e2mara dos Deputados, deputado federal Marcos Pereira <strong>(PRB-SP)<\/strong>, deu in\u00edcio ao <strong>Comunica10 \u2013 III Curso de Comunica\u00e7\u00e3o para Assessores do<\/strong> <strong>PRB<\/strong>. Idealizado pela <strong>Ag\u00eancia PRB Nacional<\/strong> e realizado em parceria com a <strong>Funda\u00e7\u00e3o Republicana Brasileira (FRB)<\/strong>, o curso acontece na nova sede do <strong>PRB<\/strong>, em Bras\u00edlia, e se estender\u00e1 at\u00e9 amanh\u00e3 (26), com a participa\u00e7\u00e3o de mais de 120 assessores de todo o pa\u00eds.<\/p>\n<p><img loading=\"lazy\" decoding=\"async\" class=\"wp-image-195185 size-medium alignright\" title=\"Marcos Pereira faz abertura do Comunica10 - III Curso de Comunica\u00e7\u00e3o para Assessores do PRB\" src=\"https:\/\/www.prb10.org.br\/wp-content\/uploads\/2019\/04\/comunica10-curso-abertura-oficial-foto-douglas-gomes-2-04-19-350x233.jpg\" alt=\"Marcos Pereira faz abertura do Comunica10 - III Curso de Comunica\u00e7\u00e3o para Assessores do PRB\" width=\"350\" height=\"233\" \/><\/p>\n<p>Durante a abertura do evento, o l\u00edder republicano agradeceu a presen\u00e7a dos participantes e lideran\u00e7as do <strong>PRB<\/strong> e refor\u00e7ou a import\u00e2ncia dos profissionais da comunica\u00e7\u00e3o se atualizarem quanto ao universo digital. \u201cAquilo que voc\u00eas aprenderem, aqui, coloquem em pr\u00e1tica, pois com a era digital tudo se modifica rapidamente. Se n\u00e3o houver uma vis\u00e3o pr\u00e1tica quanto a isso, evidentemente ficaremos para tr\u00e1s\u201d, disse Marcos Pereira.<\/p>\n<p><strong><img loading=\"lazy\" decoding=\"async\" class=\"wp-image-195188 size-medium alignright\" title=\"Marcos Pereira faz abertura do &quot;Comunica10&quot; em Bras\u00edlia\" src=\"https:\/\/www.prb10.org.br\/wp-content\/uploads\/2019\/04\/comunica10-curso-abertura-oficial-foto5-douglas-gomes-2-04-19-350x233.jpg\" alt=\"Marcos Pereira faz abertura do &quot;Comunica10&quot; em Bras\u00edlia\" width=\"350\" height=\"233\" \/><\/strong><\/p>\n<p>O presidente da <strong>FRB,<\/strong> Renato Junqueira, destacou o empenho de todos os envolvidos na organiza\u00e7\u00e3o do evento e ressaltou a import\u00e2ncia da participa\u00e7\u00e3o dos assessores no Comunica10. \u201cO papel de voc\u00eas hoje \u00e9 ainda mais importante do que j\u00e1 era, pois de fato percebemos que a pol\u00edtica entrou na era digital. A \u00faltima elei\u00e7\u00e3o mostrou isso. Por isso \u00e9 important\u00edssimo que nossos parlamentares e institui\u00e7\u00f5es estejam conectadas com a sociedade. Teremos palestras com especialistas e tenho certeza que voc\u00eas receber\u00e3o um conte\u00fado atual e rico. Este conte\u00fado que voc\u00eas receberem, fa\u00e7am uso r\u00e1pido, pois a comunica\u00e7\u00e3o muda cada vez mais veloz. Que este curso seja um rumo na comunica\u00e7\u00e3o do <strong>PRB<\/strong> e de nossas institui\u00e7\u00f5es\u201d, destacou.<\/p>\n<p>A coordenadora da <strong>Ag\u00eancia PRB Nacional<\/strong>, jornalista Helen Assump\u00e7\u00e3o, falou sobre os projetos da Comunica\u00e7\u00e3o Nacional e destacou que o curso visa contribuir com o trabalho di\u00e1rio das assessorias. \u201cO III Curso de Comunica\u00e7\u00e3o para Assessores do<strong> PRB<\/strong>, o agora Comunica10, \u00e9 um projeto que nasceu em 2014 e desde ent\u00e3o tem feito parte do planejamento da Comunica\u00e7\u00e3o Nacional do <strong>PRB<\/strong>. Hoje, o jornalista n\u00e3o se limita mais a apenas redigir textos, agora ele precisa entender como funciona toda a engrenagem das redes sociais, suas caracter\u00edsticas, analisar m\u00e9tricas, definir estrat\u00e9gias, pensar conte\u00fado e entregar esse conte\u00fado para o p\u00fablico certo\u201d, explicou.<\/p>\n<p>A capacita\u00e7\u00e3o \u00e9 oferecida para assessores de comunica\u00e7\u00e3o\/imprensa dos parlamentares do <strong>PRB,\u00a0<\/strong>das executivas estaduais e municipais, das coordenadorias estaduais e municipais dos movimentos sociais e setoriais; al\u00e9m de pessoas que, mesmo n\u00e3o sendo profissionais da \u00e1rea de comunica\u00e7\u00e3o, mas desempenham atividades voltadas para a comunica\u00e7\u00e3o.<\/p>\n<p>&nbsp;<\/p>\n<p><img loading=\"lazy\" decoding=\"async\" class=\"alignright wp-image-195183 size-medium\" title=\"Marcos Pereira faz abertura do Comunica10 - III Curso de Comunica\u00e7\u00e3o para Assessores do PRB\" src=\"https:\/\/www.prb10.org.br\/wp-content\/uploads\/2019\/04\/comunica10-curso-abertura-oficial-foto2-douglas-gomes-2-04-19-350x233.jpg\" alt=\"Marcos Pereira faz abertura do Comunica10 - III Curso de Comunica\u00e7\u00e3o para Assessores do PRB\" width=\"350\" height=\"233\" \/><\/p>\n<h3>Palestra \u201cComunica\u00e7\u00e3o Institucional\u201d<\/h3>\n<p>A palestra do primeiro dia do evento \u201cComunica\u00e7\u00e3o Institucional\u201d foi conduzida pela jornalista Helen Assump\u00e7\u00e3o. Ela apresentou o trabalho e os produtos da\u00a0<strong>Ag\u00eancia PRB Nacional<\/strong>, al\u00e9m de informa\u00e7\u00f5es sobre os principais pontos a serem melhorados pelas assessorias do <strong>PRB<\/strong> em todo o pa\u00eds, na \u00e1rea de produ\u00e7\u00e3o jornal\u00edstica e m\u00eddias sociais. Os desafios do profissional de comunica\u00e7\u00e3o com o advento da era digital tamb\u00e9m foi elencado pela coordenadora da <strong>Ag\u00eancia PRB Nacional<\/strong>.\u00a0\u201cO mercado exige um conte\u00fado concentrado do profissional de comunica\u00e7\u00e3o para se adaptar \u00e0s novas mudan\u00e7as trazidas pelo mundo digital. O desafio do assessor de comunica\u00e7\u00e3o \u00e9 de democratizar a informa\u00e7\u00e3o e manter v\u00ednculo do pol\u00edtico com o eleitor\u201d, pontuou.<\/p>\n<h3>Programa\u00e7\u00e3o<\/h3>\n<p>Amanh\u00e3 (26), dois grandes profissionais reconhecidos no campo da comunica\u00e7\u00e3o e m\u00eddias sociais, com ampla experi\u00eancia nacional e internacional, v\u00e3o ministrar palestras sobre as principais tend\u00eancias do mercado e comunica\u00e7\u00e3o digital. O especialista em inova\u00e7\u00e3o e transforma\u00e7\u00e3o digital, Marcelo Minutti, vai trazer novidades sobre \u201cO novo profissional de comunica\u00e7\u00e3o\u201d. J\u00e1 o jornalista e consultor de m\u00eddias sociais, Cristiano Santos, debater\u00e1 sobre \u201cRedes sociais: saia do b\u00e1sico\u201d.<\/p>\n<p>Ao final do curso, os participantes receber\u00e3o o certificado emitido pela<strong> FRB<\/strong>.<\/p>\n<p><em>Por Ag\u00eancia PRB Nacional<\/em><\/p>\n","protected":false},"excerpt":{"rendered":"<p>Bras\u00edlia (DF) \u2013 Na tarde desta quinta-feira (25), o presidente nacional do PRB e vice-presidente da C\u00e2mara dos Deputados, deputado<span class=\"excerpt-hellip\"> [\u2026]<\/span><\/p>\n","protected":false},"author":1,"featured_media":5845,"comment_status":"open","ping_status":"open","sticky":false,"template":"","format":"standard","meta":{"footnotes":""},"categories":[3],"tags":[],"class_list":["post-5844","post","type-post","status-publish","format-standard","has-post-thumbnail","hentry","category-ultimas-novidades"],"_links":{"self":[{"href":"https:\/\/republicanos10mg.org.br\/site\/wp-json\/wp\/v2\/posts\/5844","targetHints":{"allow":["GET"]}}],"collection":[{"href":"https:\/\/republicanos10mg.org.br\/site\/wp-json\/wp\/v2\/posts"}],"about":[{"href":"https:\/\/republicanos10mg.org.br\/site\/wp-json\/wp\/v2\/types\/post"}],"author":[{"embeddable":true,"href":"https:\/\/republicanos10mg.org.br\/site\/wp-json\/wp\/v2\/users\/1"}],"replies":[{"embeddable":true,"href":"https:\/\/republicanos10mg.org.br\/site\/wp-json\/wp\/v2\/comments?post=5844"}],"version-history":[{"count":0,"href":"https:\/\/republicanos10mg.org.br\/site\/wp-json\/wp\/v2\/posts\/5844\/revisions"}],"wp:featuredmedia":[{"embeddable":true,"href":"https:\/\/republicanos10mg.org.br\/site\/wp-json\/wp\/v2\/media\/5845"}],"wp:attachment":[{"href":"https:\/\/republicanos10mg.org.br\/site\/wp-json\/wp\/v2\/media?parent=5844"}],"wp:term":[{"taxonomy":"category","embeddable":true,"href":"https:\/\/republicanos10mg.org.br\/site\/wp-json\/wp\/v2\/categories?post=5844"},{"taxonomy":"post_tag","embeddable":true,"href":"https:\/\/republicanos10mg.org.br\/site\/wp-json\/wp\/v2\/tags?post=5844"}],"curies":[{"name":"wp","href":"https:\/\/api.w.org\/{rel}","templated":true}]}}