{"id":5834,"date":"2019-04-18T10:40:48","date_gmt":"2019-04-18T13:40:48","guid":{"rendered":"http:\/\/republicanos10mg.org.br\/site\/?p=5834"},"modified":"2019-06-09T16:00:00","modified_gmt":"2019-06-09T19:00:00","slug":"deputado-lafayette-de-andrada-compoe-equipe-que-analisara-pacote-anticorrupcao","status":"publish","type":"post","link":"https:\/\/republicanos10mg.org.br\/site\/deputado-lafayette-de-andrada-compoe-equipe-que-analisara-pacote-anticorrupcao\/","title":{"rendered":"Deputado Lafayette de Andrada comp\u00f5e equipe que analisar\u00e1 Pacote Anticorrup\u00e7\u00e3o"},"content":{"rendered":"<p><img loading=\"lazy\" decoding=\"async\" class=\"aligncenter size-full wp-image-5835\" src=\"http:\/\/republicanos10mg.org.br\/site\/wp-content\/uploads\/2019\/04\/32269793507_ca313fbcdd_o-e1555594723122.jpg\" alt=\"32269793507_ca313fbcdd_o\" width=\"600\" height=\"400\" title=\"\"><\/p>\n<p style=\"text-align: justify;\">O deputado Lafayette de Andrada (PRB\/MG) foi escolhido pelo presidente da C\u00e2mara dos Deputados, Rodrigo Maia (DEM\/RJ), como um dos sete deputados a fazer parte do Grupo de Trabalho que analisar\u00e1 o Novo C\u00f3digo de Processo Penal e o Pacote Anticorrup\u00e7\u00e3o, do Ministro da Justi\u00e7a, S\u00e9rgio Moro. O republicano Jo\u00e3o Campos (PRB-GO) tamb\u00e9m est\u00e1 entre os parlamentares que v\u00e3o avaliar as propostas.<\/p>\n<p style=\"text-align: justify;\">\n<p style=\"text-align: justify;\">O colegiado ir\u00e1 trabalhar em conjunto com o Conselho Nacional de Justi\u00e7a (CNJ) para discutir as pol\u00edticas de seguran\u00e7a p\u00fablica. Deputados e juristas ter\u00e3o o prazo de 90 dias para analisar os projetos com setores da sociedade civil e com a comunidade jur\u00eddica.<\/p>\n<p style=\"text-align: justify;\">O debate subsidiar\u00e1 o trabalho da comiss\u00e3o especial que ser\u00e1 instalada na C\u00e2mara em seguida para apreciar os Projetos de Lei 10.372\/18 e 10.373\/18, do ministro do Supremo Tribunal Federal (STF), Alexandre de Moraes, e do PL 882\/19, de autoria ministro Sergio Moro.<\/p>\n<p style=\"text-align: justify;\"><em>Texto: Ascom do Deputado Lafayette de Andrada (PRB-MG)<\/em><br \/>\n<em>Com edi\u00e7\u00e3o da Ascom da Lideran\u00e7a do PRB na C\u00e2mara<\/em><br \/>\n<em>Foto: Douglas Gomes<\/em><\/p>\n","protected":false},"excerpt":{"rendered":"<p>O deputado Lafayette de Andrada (PRB\/MG) foi escolhido pelo presidente da C\u00e2mara dos Deputados, Rodrigo Maia (DEM\/RJ), como um dos<span class=\"excerpt-hellip\"> [\u2026]<\/span><\/p>\n","protected":false},"author":1,"featured_media":5835,"comment_status":"open","ping_status":"open","sticky":false,"template":"","format":"standard","meta":{"footnotes":""},"categories":[3],"tags":[],"class_list":["post-5834","post","type-post","status-publish","format-standard","has-post-thumbnail","hentry","category-ultimas-novidades"],"_links":{"self":[{"href":"https:\/\/republicanos10mg.org.br\/site\/wp-json\/wp\/v2\/posts\/5834","targetHints":{"allow":["GET"]}}],"collection":[{"href":"https:\/\/republicanos10mg.org.br\/site\/wp-json\/wp\/v2\/posts"}],"about":[{"href":"https:\/\/republicanos10mg.org.br\/site\/wp-json\/wp\/v2\/types\/post"}],"author":[{"embeddable":true,"href":"https:\/\/republicanos10mg.org.br\/site\/wp-json\/wp\/v2\/users\/1"}],"replies":[{"embeddable":true,"href":"https:\/\/republicanos10mg.org.br\/site\/wp-json\/wp\/v2\/comments?post=5834"}],"version-history":[{"count":0,"href":"https:\/\/republicanos10mg.org.br\/site\/wp-json\/wp\/v2\/posts\/5834\/revisions"}],"wp:featuredmedia":[{"embeddable":true,"href":"https:\/\/republicanos10mg.org.br\/site\/wp-json\/wp\/v2\/media\/5835"}],"wp:attachment":[{"href":"https:\/\/republicanos10mg.org.br\/site\/wp-json\/wp\/v2\/media?parent=5834"}],"wp:term":[{"taxonomy":"category","embeddable":true,"href":"https:\/\/republicanos10mg.org.br\/site\/wp-json\/wp\/v2\/categories?post=5834"},{"taxonomy":"post_tag","embeddable":true,"href":"https:\/\/republicanos10mg.org.br\/site\/wp-json\/wp\/v2\/tags?post=5834"}],"curies":[{"name":"wp","href":"https:\/\/api.w.org\/{rel}","templated":true}]}}