{"id":5797,"date":"2019-04-08T14:45:07","date_gmt":"2019-04-08T17:45:07","guid":{"rendered":"http:\/\/republicanos10mg.org.br\/site\/?p=5797"},"modified":"2019-04-08T14:45:07","modified_gmt":"2019-04-08T17:45:07","slug":"mensagem-da-semana-previdencia-responsabilidade-com-o-pais","status":"publish","type":"post","link":"https:\/\/republicanos10mg.org.br\/site\/mensagem-da-semana-previdencia-responsabilidade-com-o-pais\/","title":{"rendered":"Mensagem da Semana &#8216;Previd\u00eancia: responsabilidade com o Pa\u00eds&#8217;"},"content":{"rendered":"<p><img loading=\"lazy\" decoding=\"async\" class=\"aligncenter size-full wp-image-5626\" src=\"http:\/\/republicanos10mg.org.br\/site\/wp-content\/uploads\/2019\/02\/MARCOS-PEREIRA-PALAVRA.jpg\" alt=\"MARCOS-PEREIRA-PALAVRA\" width=\"640\" height=\"426\" title=\"\" srcset=\"https:\/\/republicanos10mg.org.br\/site\/wp-content\/uploads\/2019\/02\/MARCOS-PEREIRA-PALAVRA.jpg 640w, https:\/\/republicanos10mg.org.br\/site\/wp-content\/uploads\/2019\/02\/MARCOS-PEREIRA-PALAVRA-300x199.jpg 300w\" sizes=\"auto, (max-width:767px) 480px, 640px\" \/><\/p>\n<p style=\"text-align: justify;\">Ol\u00e1, republicanos de todo o Brasil.<\/p>\n<p style=\"text-align: justify;\">\u00c9 fato que precisamos enfrentar algumas reformas estruturantes para desatar os n\u00f3s que seguram o Brasil para coloc\u00e1-lo definitivamente nos trilhos do crescimento.<\/p>\n<p style=\"text-align: justify;\">H\u00e1 consenso de que n\u00e3o fazer nada diante da estagna\u00e7\u00e3o, da burocracia e do desemprego fatalmente nos levar\u00e1 a um caminho ainda pior.<\/p>\n<p style=\"text-align: justify;\">A reforma da Previd\u00eancia, amplamente discutida nos meios de comunica\u00e7\u00e3o e nas redes sociais, \u00e9 o desafio inicial que est\u00e1 posto diante de n\u00f3s.<\/p>\n<p style=\"text-align: justify;\">O <strong>PRB<\/strong> tem discutido com profundidade a proposta apresentada pelo presidente da Rep\u00fablica, Jair Bolsonaro (PSL) e, no tempo oportuno, dar\u00e1 sua contribui\u00e7\u00e3o.<\/p>\n<p style=\"text-align: justify;\">Diante do que foi apresentado, reitero o que venho dizendo h\u00e1 v\u00e1rias semanas: se \u00e9 para acabar com privil\u00e9gios, e nisto concordamos, que seja para todos.<\/p>\n<p style=\"text-align: justify;\">N\u00e3o vamos admitir que o peso de gest\u00f5es desastrosas e do pr\u00f3prio sistema previdenci\u00e1rio autof\u00e1gico recaia somente sobre os mais humildes.<\/p>\n<p style=\"text-align: justify;\">N\u00f3s, os republicanos, n\u00e3o abriremos m\u00e3o disso independentemente de qualquer fator que n\u00e3o seja nossa pr\u00f3pria consci\u00eancia. \u00c9 hora de todos fazerem sua parte.<\/p>\n<p style=\"text-align: justify;\">Recomendo a voc\u00eas que leiam mais sobre o assunto e conhe\u00e7am melhor a proposta que foi apresentada. Quanto mais informa\u00e7\u00f5es tiver, melhor seu julgamento.<\/p>\n<p style=\"text-align: justify;\">Boa semana a todos.<\/p>\n<p style=\"text-align: justify;\"><strong>Marcos Pereira<\/strong><br \/>\n<strong>Presidente Nacional do PRB<\/strong><br \/>\n<strong>Vice-Presidente da C\u00e2mara dos Deputados<\/strong><\/p>\n","protected":false},"excerpt":{"rendered":"<p>Ol\u00e1, republicanos de todo o Brasil. \u00c9 fato que precisamos enfrentar algumas reformas estruturantes para desatar os n\u00f3s que seguram<span class=\"excerpt-hellip\"> [\u2026]<\/span><\/p>\n","protected":false},"author":1,"featured_media":5626,"comment_status":"open","ping_status":"open","sticky":false,"template":"","format":"standard","meta":{"footnotes":""},"categories":[3],"tags":[],"class_list":["post-5797","post","type-post","status-publish","format-standard","has-post-thumbnail","hentry","category-ultimas-novidades"],"_links":{"self":[{"href":"https:\/\/republicanos10mg.org.br\/site\/wp-json\/wp\/v2\/posts\/5797","targetHints":{"allow":["GET"]}}],"collection":[{"href":"https:\/\/republicanos10mg.org.br\/site\/wp-json\/wp\/v2\/posts"}],"about":[{"href":"https:\/\/republicanos10mg.org.br\/site\/wp-json\/wp\/v2\/types\/post"}],"author":[{"embeddable":true,"href":"https:\/\/republicanos10mg.org.br\/site\/wp-json\/wp\/v2\/users\/1"}],"replies":[{"embeddable":true,"href":"https:\/\/republicanos10mg.org.br\/site\/wp-json\/wp\/v2\/comments?post=5797"}],"version-history":[{"count":0,"href":"https:\/\/republicanos10mg.org.br\/site\/wp-json\/wp\/v2\/posts\/5797\/revisions"}],"wp:featuredmedia":[{"embeddable":true,"href":"https:\/\/republicanos10mg.org.br\/site\/wp-json\/wp\/v2\/media\/5626"}],"wp:attachment":[{"href":"https:\/\/republicanos10mg.org.br\/site\/wp-json\/wp\/v2\/media?parent=5797"}],"wp:term":[{"taxonomy":"category","embeddable":true,"href":"https:\/\/republicanos10mg.org.br\/site\/wp-json\/wp\/v2\/categories?post=5797"},{"taxonomy":"post_tag","embeddable":true,"href":"https:\/\/republicanos10mg.org.br\/site\/wp-json\/wp\/v2\/tags?post=5797"}],"curies":[{"name":"wp","href":"https:\/\/api.w.org\/{rel}","templated":true}]}}