{"id":5794,"date":"2019-04-05T19:03:21","date_gmt":"2019-04-05T22:03:21","guid":{"rendered":"http:\/\/republicanos10mg.org.br\/site\/?p=5794"},"modified":"2019-04-05T19:03:21","modified_gmt":"2019-04-05T22:03:21","slug":"plenario-aprova-protocolo-de-madri-sobre-registro-internacional-de-marcas","status":"publish","type":"post","link":"https:\/\/republicanos10mg.org.br\/site\/plenario-aprova-protocolo-de-madri-sobre-registro-internacional-de-marcas\/","title":{"rendered":"Plen\u00e1rio aprova Protocolo de Madri sobre registro internacional de marcas"},"content":{"rendered":"<div id=\"attachment_5795\" style=\"width: 610px\" class=\"wp-caption aligncenter\"><img loading=\"lazy\" decoding=\"async\" aria-describedby=\"caption-attachment-5795\" class=\"wp-image-5795 size-full\" src=\"http:\/\/republicanos10mg.org.br\/site\/wp-content\/uploads\/2019\/04\/marcos-pereira-prb-foto-douglas-gomes-04-04-19.jpg\" alt=\"marcos-pereira-prb-foto-douglas-gomes-04-04-19\" width=\"600\" height=\"400\" title=\"\" srcset=\"https:\/\/republicanos10mg.org.br\/site\/wp-content\/uploads\/2019\/04\/marcos-pereira-prb-foto-douglas-gomes-04-04-19.jpg 600w, https:\/\/republicanos10mg.org.br\/site\/wp-content\/uploads\/2019\/04\/marcos-pereira-prb-foto-douglas-gomes-04-04-19-300x200.jpg 300w\" sizes=\"auto, (max-width:767px) 480px, 600px\" \/><p id=\"caption-attachment-5795\" class=\"wp-caption-text\">O texto, relatado pelo deputado federal Marcos Pereira (PRB-SP), agora segue para o Senado<\/p><\/div>\n<p style=\"text-align: justify;\"><strong>Bras\u00edlia (DF) \u2013<\/strong> O Plen\u00e1rio da C\u00e2mara aprovou nesta quinta-feira (4) o texto do Protocolo de Madri sobre registro de marcas, que agiliza os procedimentos e permite que a propriedade intelectual seja reconhecida simultaneamente nos v\u00e1rios pa\u00edses que fazem parte do acordo (PDC 860\/17). O texto, relatado pelo deputado federal Marcos Pereira <strong>(PRB-SP)<\/strong>, agora segue para o Senado.<\/p>\n<p style=\"text-align: justify;\">Pelo projeto, o Instituto Nacional de Propriedade Intelectual (INPI) encaminhar\u00e1 o pedido de registro de marca para a Organiza\u00e7\u00e3o Mundial da Propriedade Intelectual (OMPI), sediada em Genebra, onde Marcos Pereira esteve enquanto ministro da Ind\u00fastria, Com\u00e9rcio Exterior e Servi\u00e7os para assinar, junto ao diretor-geral da entidade, Francis Gurry, declara\u00e7\u00f5es conjuntas sobre marcas e capacita\u00e7\u00e3o em PI. Caber\u00e1 ao \u00f3rg\u00e3o centralizador o processo de registro nos demais pa\u00edses-membros.<\/p>\n<p style=\"text-align: justify;\">A medida diminui o custo das empresas, que hoje precisam arcar com m\u00faltiplos pedidos de registro de marca para atuar em outros pa\u00edses. Os custos envolvem pagamento de taxas, contrata\u00e7\u00e3o de advogados, entre outros.<\/p>\n<h3 style=\"text-align: justify;\">Desburocratiza\u00e7\u00e3o<\/h3>\n<p style=\"text-align: justify;\">Marcos Pereira explica que a ades\u00e3o do Brasil ao acordo faz parte da agenda liberal de desburocratiza\u00e7\u00e3o e amplia\u00e7\u00e3o da competitividade das empresas, que come\u00e7ou durante sua gest\u00e3o como ministro. \u201cHaver\u00e1 significativa redu\u00e7\u00e3o de custos, em alguns casos de at\u00e9 90%\u201d, disse. O projeto foi \u201cdesengavetado\u201d pelo ent\u00e3o ministro e encaminhado ao Congresso em 2017.<\/p>\n<p style=\"text-align: justify;\">O acordo tamb\u00e9m requer mais agilidade no processo de registro de marca no pa\u00eds de origem: os pedidos de registro de marcas precisam tramitar no INPI em at\u00e9 18 meses. Marcos Pereira disse que o Brasil j\u00e1 tem condi\u00e7\u00f5es de cumprir este requisito.<\/p>\n<p style=\"text-align: justify;\">\u201cQuando assumi o minist\u00e9rio, o prazo m\u00e9dio para concess\u00e3o de uma marca era de quase 4 anos. Conseguimos, por uma gest\u00e3o eficiente, baixar esse prazo para 12 meses, o que enquadra o Brasil no protocolo de Madri\u201d, disse o republicano.<\/p>\n<p style=\"text-align: justify;\">Durante a gest\u00e3o de Marcos Pereira no MDIC, foram apresentadas 47 medidas de desburocratiza\u00e7\u00e3o e de facilita\u00e7\u00e3o do ambiente de neg\u00f3cios. O destraamento do INPI era uma das principais metas.<\/p>\n<p style=\"text-align: justify;\">L\u00edder do Novo, o deputado Marcel Van Hattem (RS) disse que o acordo \u00e9 um avan\u00e7o. \u201cEsse tratado significa que n\u00e3o retornaremos jamais \u00e0 m\u00e9dia de mais de tr\u00eas anos para registar uma marca no Brasil. O Protocolo estabelece que o processo n\u00e3o pode demorar mais do de 18 meses\u201d, destacou.<\/p>\n<p style=\"text-align: justify;\">O Protocolo de Madri est\u00e1 em vigor desde abril de 1996 e foi ratificado pelas maiores economias do Mundo, como Estados Unidos, Jap\u00e3o, China, R\u00fassia e pela Uni\u00e3o Europeia.<\/p>\n<p style=\"text-align: justify;\"><em>Texto: Ascom \u2013 deputado federal Marcos Pereira, com informa\u00e7\u00f5es da Ag\u00eancia C\u00e2mara Not\u00edcias<\/em><br \/>\n<em>Foto: Douglas Gomes<\/em><\/p>\n","protected":false},"excerpt":{"rendered":"<p>Bras\u00edlia (DF) \u2013 O Plen\u00e1rio da C\u00e2mara aprovou nesta quinta-feira (4) o texto do Protocolo de Madri sobre registro de<span class=\"excerpt-hellip\"> [\u2026]<\/span><\/p>\n","protected":false},"author":1,"featured_media":5795,"comment_status":"open","ping_status":"open","sticky":false,"template":"","format":"standard","meta":{"footnotes":""},"categories":[3],"tags":[],"class_list":["post-5794","post","type-post","status-publish","format-standard","has-post-thumbnail","hentry","category-ultimas-novidades"],"_links":{"self":[{"href":"https:\/\/republicanos10mg.org.br\/site\/wp-json\/wp\/v2\/posts\/5794","targetHints":{"allow":["GET"]}}],"collection":[{"href":"https:\/\/republicanos10mg.org.br\/site\/wp-json\/wp\/v2\/posts"}],"about":[{"href":"https:\/\/republicanos10mg.org.br\/site\/wp-json\/wp\/v2\/types\/post"}],"author":[{"embeddable":true,"href":"https:\/\/republicanos10mg.org.br\/site\/wp-json\/wp\/v2\/users\/1"}],"replies":[{"embeddable":true,"href":"https:\/\/republicanos10mg.org.br\/site\/wp-json\/wp\/v2\/comments?post=5794"}],"version-history":[{"count":0,"href":"https:\/\/republicanos10mg.org.br\/site\/wp-json\/wp\/v2\/posts\/5794\/revisions"}],"wp:featuredmedia":[{"embeddable":true,"href":"https:\/\/republicanos10mg.org.br\/site\/wp-json\/wp\/v2\/media\/5795"}],"wp:attachment":[{"href":"https:\/\/republicanos10mg.org.br\/site\/wp-json\/wp\/v2\/media?parent=5794"}],"wp:term":[{"taxonomy":"category","embeddable":true,"href":"https:\/\/republicanos10mg.org.br\/site\/wp-json\/wp\/v2\/categories?post=5794"},{"taxonomy":"post_tag","embeddable":true,"href":"https:\/\/republicanos10mg.org.br\/site\/wp-json\/wp\/v2\/tags?post=5794"}],"curies":[{"name":"wp","href":"https:\/\/api.w.org\/{rel}","templated":true}]}}