{"id":5780,"date":"2019-04-02T11:46:50","date_gmt":"2019-04-02T14:46:50","guid":{"rendered":"http:\/\/republicanos10mg.org.br\/site\/?p=5780"},"modified":"2019-06-09T15:43:39","modified_gmt":"2019-06-09T18:43:39","slug":"projeto-do-deputado-gilberto-abramo-determina-atendimento-prioritario-e-simbolo-de-identificacao-para-autistas","status":"publish","type":"post","link":"https:\/\/republicanos10mg.org.br\/site\/projeto-do-deputado-gilberto-abramo-determina-atendimento-prioritario-e-simbolo-de-identificacao-para-autistas\/","title":{"rendered":"Projeto do Deputado Gilberto Abramo determina atendimento priorit\u00e1rio e s\u00edmbolo de identifica\u00e7\u00e3o para autistas"},"content":{"rendered":"<p style=\"text-align: justify;\"><img loading=\"lazy\" decoding=\"async\" class=\"aligncenter size-full wp-image-5784\" src=\"http:\/\/republicanos10mg.org.br\/site\/wp-content\/uploads\/2019\/04\/abramo-materia1.jpg\" alt=\"abramo materia1\" width=\"600\" height=\"400\" title=\"\" srcset=\"https:\/\/republicanos10mg.org.br\/site\/wp-content\/uploads\/2019\/04\/abramo-materia1.jpg 600w, https:\/\/republicanos10mg.org.br\/site\/wp-content\/uploads\/2019\/04\/abramo-materia1-300x200.jpg 300w\" sizes=\"auto, (max-width:767px) 480px, 600px\" \/><\/p>\n<p style=\"text-align: justify;\">O acesso ao atendimento priorit\u00e1rio nos servi\u00e7os p\u00fablicos, bem como a reserva de assento nos transportes coletivos est\u00e3o garantidos em Lei Federal para pessoas com defici\u00eancia,&nbsp; idosos, gestantes, lactantes, obesos e pessoas com crian\u00e7a no colo.<\/p>\n<p style=\"text-align: justify;\">Tamb\u00e9m \u00e9 comum ver nos locais a devida identifica\u00e7\u00e3o sobre quem tem esses direitos, mas n\u00e3o para pessoas com transtorno do espectro autista.<\/p>\n<p style=\"text-align: justify;\">Como forma de uniformizar essa identifica\u00e7\u00e3o em todo o pa\u00eds,&nbsp; o Deputado Federal Gilberto Abramo (PRB-MG) apresentou o Projeto de Lei 1624\/19 que prop\u00f5e a utiliza\u00e7\u00e3o do la\u00e7o colorido &#8211; s\u00edmbolo universal da conscientiza\u00e7\u00e3o do autismo &#8211; nos locais de atendimento e servi\u00e7os p\u00fablicos.<\/p>\n<p style=\"text-align: justify;\">Para Gilberto Abramo,&nbsp; trata-se de contribuir para garantir os direitos do autista, fazendo valer a legisla\u00e7\u00e3o. &#8220;\u00c9 imprescind\u00edvel a utiliza\u00e7\u00e3o do s\u00edmbolo. Pessoas com autismo necessitam de condi\u00e7\u00f5es especiais. Al\u00e9m disso, a conscientiza\u00e7\u00e3o por parte da sociedade faz toda a diferen\u00e7a em v\u00e1rias situa\u00e7\u00f5es &#8220;, refor\u00e7a Abramo.<\/p>\n<p style=\"text-align: justify;\">No pa\u00eds,&nbsp; estima-se que mais de 2 milh\u00f5es de brasileiros sofrem com autismo, muitos sem diagn\u00f3stico.<\/p>\n<p style=\"text-align: justify;\">L\u00e9lia Queiroz<br \/>\nComunica\u00e7\u00e3o PRB MINAS<\/p>\n","protected":false},"excerpt":{"rendered":"<p>O acesso ao atendimento priorit\u00e1rio nos servi\u00e7os p\u00fablicos, bem como a reserva de assento nos transportes coletivos est\u00e3o garantidos em<span class=\"excerpt-hellip\"> [\u2026]<\/span><\/p>\n","protected":false},"author":1,"featured_media":5784,"comment_status":"open","ping_status":"open","sticky":false,"template":"","format":"standard","meta":{"footnotes":""},"categories":[3],"tags":[],"class_list":["post-5780","post","type-post","status-publish","format-standard","has-post-thumbnail","hentry","category-ultimas-novidades"],"_links":{"self":[{"href":"https:\/\/republicanos10mg.org.br\/site\/wp-json\/wp\/v2\/posts\/5780","targetHints":{"allow":["GET"]}}],"collection":[{"href":"https:\/\/republicanos10mg.org.br\/site\/wp-json\/wp\/v2\/posts"}],"about":[{"href":"https:\/\/republicanos10mg.org.br\/site\/wp-json\/wp\/v2\/types\/post"}],"author":[{"embeddable":true,"href":"https:\/\/republicanos10mg.org.br\/site\/wp-json\/wp\/v2\/users\/1"}],"replies":[{"embeddable":true,"href":"https:\/\/republicanos10mg.org.br\/site\/wp-json\/wp\/v2\/comments?post=5780"}],"version-history":[{"count":0,"href":"https:\/\/republicanos10mg.org.br\/site\/wp-json\/wp\/v2\/posts\/5780\/revisions"}],"wp:featuredmedia":[{"embeddable":true,"href":"https:\/\/republicanos10mg.org.br\/site\/wp-json\/wp\/v2\/media\/5784"}],"wp:attachment":[{"href":"https:\/\/republicanos10mg.org.br\/site\/wp-json\/wp\/v2\/media?parent=5780"}],"wp:term":[{"taxonomy":"category","embeddable":true,"href":"https:\/\/republicanos10mg.org.br\/site\/wp-json\/wp\/v2\/categories?post=5780"},{"taxonomy":"post_tag","embeddable":true,"href":"https:\/\/republicanos10mg.org.br\/site\/wp-json\/wp\/v2\/tags?post=5780"}],"curies":[{"name":"wp","href":"https:\/\/api.w.org\/{rel}","templated":true}]}}