{"id":5761,"date":"2019-03-30T11:46:25","date_gmt":"2019-03-30T14:46:25","guid":{"rendered":"http:\/\/republicanos10mg.org.br\/site\/?p=5761"},"modified":"2019-03-30T11:53:43","modified_gmt":"2019-03-30T14:53:43","slug":"poder-de-influencia-e-decisao","status":"publish","type":"post","link":"https:\/\/republicanos10mg.org.br\/site\/poder-de-influencia-e-decisao\/","title":{"rendered":"Poder de influ\u00eancia e decis\u00e3o"},"content":{"rendered":"<p><img loading=\"lazy\" decoding=\"async\" class=\"size-full wp-image-5585 aligncenter\" src=\"http:\/\/republicanos10mg.org.br\/site\/wp-content\/uploads\/2018\/12\/gilbertofundoPRESIDENTE.jpg\" alt=\"gilbertofundoPRESIDENTE\" width=\"600\" height=\"400\" title=\"\" srcset=\"https:\/\/republicanos10mg.org.br\/site\/wp-content\/uploads\/2018\/12\/gilbertofundoPRESIDENTE.jpg 600w, https:\/\/republicanos10mg.org.br\/site\/wp-content\/uploads\/2018\/12\/gilbertofundoPRESIDENTE-300x200.jpg 300w\" sizes=\"auto, (max-width:767px) 480px, 600px\" \/><\/p>\n<p style=\"text-align: justify;\"><strong>DEPUTADO FEDERAL GILBERTO ABRAMO <\/strong><br \/>\n<strong>Presidente do PRB Minas Gerais<\/strong><\/p>\n<p style=\"text-align: justify;\"><strong>Poder de influ\u00eancia e decis\u00e3o <\/strong><\/p>\n<p style=\"text-align: justify;\"><strong>Uma rep\u00fablica forte se faz com a participa\u00e7\u00e3o dos jovens, homens e mulheres que almejam contribuir para mudar as realidades.<\/strong><\/p>\n<p style=\"text-align: justify;\">A cada ano o Partido Republicano Brasileiro mostra n\u00e3o somente o seu crescimento, mas seu poder de influ\u00eancia e decis\u00e3o,\u00a0 fazendo a diferen\u00e7a nos cen\u00e1rios municipal,\u00a0 estadual e federal.<\/p>\n<p style=\"text-align: justify;\">Minas Gerais tem um papel fundamental nesse processo. Somos o estado que mais elegeu prefeitos e vereadores republicanos em todo o pa\u00eds.\u00a0 E como o PRB n\u00e3o est\u00e1 \u00e0 sombra de nenhum partido e almeja posi\u00e7\u00f5es de decis\u00e3o,\u00a0 \u00e9 assim que seguimos trabalhando rumo \u00e0s elei\u00e7\u00f5es de 2020.<\/p>\n<p style=\"text-align: justify;\">Continuamos com metas ousadas, e firmamos nossos projetos com lideran\u00e7as que n\u00e3o abrem m\u00e3o de se fazer pol\u00edtica com foco no bem coletivo e n\u00e3o no individual.<\/p>\n<p style=\"text-align: justify;\">Primamos pelo di\u00e1logo, na esfera p\u00fablica,\u00a0 de modo a fazer valer nosso ideais, independentemente da governabilidade que se estabelecer. Uma rep\u00fablica forte se faz com a participa\u00e7\u00e3o dos jovens, homens e mulheres que almejam contribuir para mudar as realidades.<\/p>\n<p style=\"text-align: justify;\">Compromisso e a\u00e7\u00e3o,\u00a0 para alcan\u00e7armos juntos as mudan\u00e7as que o pa\u00eds precisa. Esse \u00e9 o nosso ideal e papel dos republicanos que se lan\u00e7am nesse prop\u00f3sito maior de democracia.<\/p>\n","protected":false},"excerpt":{"rendered":"<p>DEPUTADO FEDERAL GILBERTO ABRAMO Presidente do PRB Minas Gerais Poder de influ\u00eancia e decis\u00e3o Uma rep\u00fablica forte se faz com<span class=\"excerpt-hellip\"> [\u2026]<\/span><\/p>\n","protected":false},"author":1,"featured_media":5585,"comment_status":"open","ping_status":"open","sticky":false,"template":"","format":"standard","meta":{"footnotes":""},"categories":[3],"tags":[],"class_list":["post-5761","post","type-post","status-publish","format-standard","has-post-thumbnail","hentry","category-ultimas-novidades"],"_links":{"self":[{"href":"https:\/\/republicanos10mg.org.br\/site\/wp-json\/wp\/v2\/posts\/5761","targetHints":{"allow":["GET"]}}],"collection":[{"href":"https:\/\/republicanos10mg.org.br\/site\/wp-json\/wp\/v2\/posts"}],"about":[{"href":"https:\/\/republicanos10mg.org.br\/site\/wp-json\/wp\/v2\/types\/post"}],"author":[{"embeddable":true,"href":"https:\/\/republicanos10mg.org.br\/site\/wp-json\/wp\/v2\/users\/1"}],"replies":[{"embeddable":true,"href":"https:\/\/republicanos10mg.org.br\/site\/wp-json\/wp\/v2\/comments?post=5761"}],"version-history":[{"count":0,"href":"https:\/\/republicanos10mg.org.br\/site\/wp-json\/wp\/v2\/posts\/5761\/revisions"}],"wp:featuredmedia":[{"embeddable":true,"href":"https:\/\/republicanos10mg.org.br\/site\/wp-json\/wp\/v2\/media\/5585"}],"wp:attachment":[{"href":"https:\/\/republicanos10mg.org.br\/site\/wp-json\/wp\/v2\/media?parent=5761"}],"wp:term":[{"taxonomy":"category","embeddable":true,"href":"https:\/\/republicanos10mg.org.br\/site\/wp-json\/wp\/v2\/categories?post=5761"},{"taxonomy":"post_tag","embeddable":true,"href":"https:\/\/republicanos10mg.org.br\/site\/wp-json\/wp\/v2\/tags?post=5761"}],"curies":[{"name":"wp","href":"https:\/\/api.w.org\/{rel}","templated":true}]}}