{"id":5755,"date":"2019-03-29T11:15:56","date_gmt":"2019-03-29T14:15:56","guid":{"rendered":"http:\/\/republicanos10mg.org.br\/site\/?p=5755"},"modified":"2019-06-09T15:41:11","modified_gmt":"2019-06-09T18:41:11","slug":"projeto-do-deputado-estadual-carlos-henrique-preve-exigencia-de-cartao-de-vacinacao-nas-escolas","status":"publish","type":"post","link":"https:\/\/republicanos10mg.org.br\/site\/projeto-do-deputado-estadual-carlos-henrique-preve-exigencia-de-cartao-de-vacinacao-nas-escolas\/","title":{"rendered":"PROJETO DO DEPUTADO ESTADUAL CARLOS HENRIQUE  PREV\u00ca EXIG\u00caNCIA DE CART\u00c3O DE VACINA\u00c7\u00c3O NAS ESCOLAS"},"content":{"rendered":"<p><img loading=\"lazy\" decoding=\"async\" class=\"aligncenter size-large wp-image-5756\" src=\"http:\/\/republicanos10mg.org.br\/site\/wp-content\/uploads\/2019\/03\/51328993_1166231950219852_6519746280720171008_o-1024x683.jpg\" alt=\"51328993_1166231950219852_6519746280720171008_o\" width=\"620\" height=\"413\" title=\"\" srcset=\"https:\/\/republicanos10mg.org.br\/site\/wp-content\/uploads\/2019\/03\/51328993_1166231950219852_6519746280720171008_o-1024x683.jpg 1024w, https:\/\/republicanos10mg.org.br\/site\/wp-content\/uploads\/2019\/03\/51328993_1166231950219852_6519746280720171008_o-300x200.jpg 300w, https:\/\/republicanos10mg.org.br\/site\/wp-content\/uploads\/2019\/03\/51328993_1166231950219852_6519746280720171008_o.jpg 2048w\" sizes=\"auto, (max-width:767px) 480px, 620px\" \/><\/p>\n<p style=\"text-align: justify;\">O n\u00famero de crian\u00e7as que morreu por gripe triplicou no Brasil em 2018. Foram mais de 44 mortes. Crian\u00e7as foram as que menos se vacinaram, dentre os 67,7% dos vacinados. Aquelas entre seis meses e cinco anos t\u00eam indica\u00e7\u00e3o para a imuniza\u00e7\u00e3o gratuita, al\u00e9m de idosos, gestantes e outros grupos.<\/p>\n<p style=\"text-align: justify;\">Como forma de contribuir para a garantia da vacina\u00e7\u00e3o, o Deputado Estadual Carlos Henrique (PRB MG) apresentou o Projeto de Lei 496\/2019 que disp\u00f5e sobre a obrigatoriedade das escolas da rede p\u00fablica ou privada exigirem o Cart\u00e3o de Vacina\u00e7\u00e3o no ato da matr\u00edcula dos alunos de at\u00e9 18 anos de idade.<\/p>\n<p style=\"text-align: justify;\">De acordo com o projeto, a matr\u00edcula poder\u00e1 ser realizada sem a apresenta\u00e7\u00e3o do cart\u00e3o de vacina\u00e7\u00e3o, devendo a situa\u00e7\u00e3o ser regularizada pelo respons\u00e1vel em at\u00e9 30 dias, contendo a atualiza\u00e7\u00e3o de todas as vacinas consideradas obrigat\u00f3rias, de acordo com o Minist\u00e9rio da Sa\u00fade e da Secretaria de Estado da Sa\u00fade.<\/p>\n<p style=\"text-align: justify;\">\u201cA proposta tem como objetivo resguardar os direitos fundamentais das crian\u00e7as e adolescentes conforme o Artigo 14 do Estatuto da Crian\u00e7a e do Adolescente (ECA). A vacina\u00e7\u00e3o \u00e9 fundamental no combate a prolifera\u00e7\u00e3o de doen\u00e7as\u201d destacou o parlamentar.<\/p>\n<p style=\"text-align: justify;\">Texto: Jaqueline Nascimento<br \/>\nEdi\u00e7\u00e3o: L\u00e9lia Queiroz\/PRB MINAS<\/p>\n","protected":false},"excerpt":{"rendered":"<p>O n\u00famero de crian\u00e7as que morreu por gripe triplicou no Brasil em 2018. Foram mais de 44 mortes. Crian\u00e7as foram<span class=\"excerpt-hellip\"> [\u2026]<\/span><\/p>\n","protected":false},"author":1,"featured_media":5757,"comment_status":"open","ping_status":"open","sticky":false,"template":"","format":"standard","meta":{"footnotes":""},"categories":[3],"tags":[],"class_list":["post-5755","post","type-post","status-publish","format-standard","has-post-thumbnail","hentry","category-ultimas-novidades"],"_links":{"self":[{"href":"https:\/\/republicanos10mg.org.br\/site\/wp-json\/wp\/v2\/posts\/5755","targetHints":{"allow":["GET"]}}],"collection":[{"href":"https:\/\/republicanos10mg.org.br\/site\/wp-json\/wp\/v2\/posts"}],"about":[{"href":"https:\/\/republicanos10mg.org.br\/site\/wp-json\/wp\/v2\/types\/post"}],"author":[{"embeddable":true,"href":"https:\/\/republicanos10mg.org.br\/site\/wp-json\/wp\/v2\/users\/1"}],"replies":[{"embeddable":true,"href":"https:\/\/republicanos10mg.org.br\/site\/wp-json\/wp\/v2\/comments?post=5755"}],"version-history":[{"count":0,"href":"https:\/\/republicanos10mg.org.br\/site\/wp-json\/wp\/v2\/posts\/5755\/revisions"}],"wp:featuredmedia":[{"embeddable":true,"href":"https:\/\/republicanos10mg.org.br\/site\/wp-json\/wp\/v2\/media\/5757"}],"wp:attachment":[{"href":"https:\/\/republicanos10mg.org.br\/site\/wp-json\/wp\/v2\/media?parent=5755"}],"wp:term":[{"taxonomy":"category","embeddable":true,"href":"https:\/\/republicanos10mg.org.br\/site\/wp-json\/wp\/v2\/categories?post=5755"},{"taxonomy":"post_tag","embeddable":true,"href":"https:\/\/republicanos10mg.org.br\/site\/wp-json\/wp\/v2\/tags?post=5755"}],"curies":[{"name":"wp","href":"https:\/\/api.w.org\/{rel}","templated":true}]}}