{"id":5735,"date":"2019-03-20T13:59:21","date_gmt":"2019-03-20T16:59:21","guid":{"rendered":"http:\/\/republicanos10mg.org.br\/site\/?p=5735"},"modified":"2019-06-09T15:38:27","modified_gmt":"2019-06-09T18:38:27","slug":"prefeito-eduardo-rabelo-fomenta-cultura-e-capacitacao-em-francisco-dumont","status":"publish","type":"post","link":"https:\/\/republicanos10mg.org.br\/site\/prefeito-eduardo-rabelo-fomenta-cultura-e-capacitacao-em-francisco-dumont\/","title":{"rendered":"Prefeito Eduardo Rabelo fomenta cultura e capacita\u00e7\u00e3o em Francisco Dumont"},"content":{"rendered":"<div id=\"attachment_5736\" style=\"width: 610px\" class=\"wp-caption aligncenter\"><img loading=\"lazy\" decoding=\"async\" aria-describedby=\"caption-attachment-5736\" class=\"wp-image-5736 size-full\" src=\"http:\/\/republicanos10mg.org.br\/site\/wp-content\/uploads\/2019\/03\/eduardo-rabelo-prb-curso-croche-foto2-ascom-03-01-19.jpg\" alt=\"eduardo-rabelo-prb-curso-croche-foto2-ascom-03-01-19\" width=\"600\" height=\"400\" title=\"\" srcset=\"https:\/\/republicanos10mg.org.br\/site\/wp-content\/uploads\/2019\/03\/eduardo-rabelo-prb-curso-croche-foto2-ascom-03-01-19.jpg 600w, https:\/\/republicanos10mg.org.br\/site\/wp-content\/uploads\/2019\/03\/eduardo-rabelo-prb-curso-croche-foto2-ascom-03-01-19-300x200.jpg 300w\" sizes=\"auto, (max-width:767px) 480px, 600px\" \/><p id=\"caption-attachment-5736\" class=\"wp-caption-text\">Ao todo, 12 mulheres participaram do curso promovido pela Secretaria de Assist\u00eancia Social do munic\u00edpio<\/p><\/div>\n<p style=\"text-align: justify;\"><b>Francisco Dumont (MG)<\/b>&nbsp;\u2013 O prefeito Eduardo Rabelo (<b>PRB<\/b>) participou, na semana passada, da solenidade de conclus\u00e3o do Curso de Croch\u00ea. A entrega dos certificados foi realizada na Casa da Cultura Erc\u00edlia Rosa e contou com a participa\u00e7\u00e3o de professores, familiares e participantes do curso.<\/p>\n<p><img loading=\"lazy\" decoding=\"async\" class=\"wp-image-187343 size-medium aligncenter\" src=\"https:\/\/www.prb10.org.br\/wp-content\/uploads\/2019\/01\/eduardo-rabelo-prb-curso-croche-foto-ascom-03-01-19-350x233.jpg\" alt=\"\" width=\"350\" height=\"233\" title=\"\"><\/p>\n<p style=\"text-align: justify;\">O curso teve dura\u00e7\u00e3o de tr\u00eas meses e teve como orientadora Maria Alice Ramos. A capacita\u00e7\u00e3o profissional foi realizada com o objetivo de fomentar a economia local com a produ\u00e7\u00e3o de artesanato e ao mesmo tempo estimular as donas de casa a buscar uma renda extra.<\/p>\n<p style=\"text-align: justify;\">Na oportunidade, o prefeito Eduardo Rabelo falou da import\u00e2ncia do curso para o munic\u00edpio. \u201cEstamos buscando mais gera\u00e7\u00e3o de gera\u00e7\u00e3o de renda e vamos fazer mais cursos com esse objetivo. Investir na forma\u00e7\u00e3o de m\u00e3o-de-obra \u00e9 um compromisso nosso, do nosso governo\u201d, afirmou o prefeito.<\/p>\n<p style=\"text-align: justify;\"><i>Texto e fotos: Ascom \u2013 Prefeitura de Francisco Dumont<\/i><i><br \/>\n<\/i><i><\/i><\/p>\n<p style=\"text-align: justify;\"><i>Mat\u00e9ria: AG\u00caNCIA PRB NACIONAL<br \/>\nEdi\u00e7\u00e3o: COMUNICA\u00c7\u00c3O PRB MINAS<\/i><\/p>\n","protected":false},"excerpt":{"rendered":"<p>Francisco Dumont (MG)&nbsp;\u2013 O prefeito Eduardo Rabelo (PRB) participou, na semana passada, da solenidade de conclus\u00e3o do Curso de Croch\u00ea.<span class=\"excerpt-hellip\"> [\u2026]<\/span><\/p>\n","protected":false},"author":1,"featured_media":5736,"comment_status":"open","ping_status":"open","sticky":false,"template":"","format":"standard","meta":{"footnotes":""},"categories":[3],"tags":[],"class_list":["post-5735","post","type-post","status-publish","format-standard","has-post-thumbnail","hentry","category-ultimas-novidades"],"_links":{"self":[{"href":"https:\/\/republicanos10mg.org.br\/site\/wp-json\/wp\/v2\/posts\/5735","targetHints":{"allow":["GET"]}}],"collection":[{"href":"https:\/\/republicanos10mg.org.br\/site\/wp-json\/wp\/v2\/posts"}],"about":[{"href":"https:\/\/republicanos10mg.org.br\/site\/wp-json\/wp\/v2\/types\/post"}],"author":[{"embeddable":true,"href":"https:\/\/republicanos10mg.org.br\/site\/wp-json\/wp\/v2\/users\/1"}],"replies":[{"embeddable":true,"href":"https:\/\/republicanos10mg.org.br\/site\/wp-json\/wp\/v2\/comments?post=5735"}],"version-history":[{"count":0,"href":"https:\/\/republicanos10mg.org.br\/site\/wp-json\/wp\/v2\/posts\/5735\/revisions"}],"wp:featuredmedia":[{"embeddable":true,"href":"https:\/\/republicanos10mg.org.br\/site\/wp-json\/wp\/v2\/media\/5736"}],"wp:attachment":[{"href":"https:\/\/republicanos10mg.org.br\/site\/wp-json\/wp\/v2\/media?parent=5735"}],"wp:term":[{"taxonomy":"category","embeddable":true,"href":"https:\/\/republicanos10mg.org.br\/site\/wp-json\/wp\/v2\/categories?post=5735"},{"taxonomy":"post_tag","embeddable":true,"href":"https:\/\/republicanos10mg.org.br\/site\/wp-json\/wp\/v2\/tags?post=5735"}],"curies":[{"name":"wp","href":"https:\/\/api.w.org\/{rel}","templated":true}]}}