{"id":5692,"date":"2019-03-14T12:32:15","date_gmt":"2019-03-14T15:32:15","guid":{"rendered":"http:\/\/republicanos10mg.org.br\/site\/?p=5692"},"modified":"2019-06-09T15:19:02","modified_gmt":"2019-06-09T18:19:02","slug":"projeto-do-deputado-gilberto-abramo-prb-mg-preve-protecao-ao-trabalho-das-pessoas-acima-de-45-anos","status":"publish","type":"post","link":"https:\/\/republicanos10mg.org.br\/site\/projeto-do-deputado-gilberto-abramo-prb-mg-preve-protecao-ao-trabalho-das-pessoas-acima-de-45-anos\/","title":{"rendered":"PROJETO DO DEPUTADO GILBERTO ABRAMO (PRB-MG) PREV\u00ca PROTE\u00c7\u00c3O AO TRABALHO DAS PESSOAS ACIMA DE 45 ANOS"},"content":{"rendered":"<p><img loading=\"lazy\" decoding=\"async\" class=\"aligncenter size-full wp-image-5705\" src=\"http:\/\/republicanos10mg.org.br\/site\/wp-content\/uploads\/2019\/03\/foto-abramo-camara.jpg\" alt=\"foto abramo camara\" width=\"600\" height=\"400\" title=\"\" srcset=\"https:\/\/republicanos10mg.org.br\/site\/wp-content\/uploads\/2019\/03\/foto-abramo-camara.jpg 600w, https:\/\/republicanos10mg.org.br\/site\/wp-content\/uploads\/2019\/03\/foto-abramo-camara-300x200.jpg 300w\" sizes=\"auto, (max-width:767px) 480px, 600px\" \/><\/p>\n<p style=\"text-align: justify;\">Cerca de 30%c da popula\u00e7\u00e3o economicamente ativa tem entre 45 e 65 anos de idade, segundo o IBGE. A maioria das empresas (62%) reluta em admitir trabalhadores nessa faixa et\u00e1ria, por motivos como a pr\u00f3pria idade.<\/p>\n<p style=\"text-align: justify;\">O Projeto de Lei 1353\/19, de autoria do Deputado Federal Gilberto Abramo,&nbsp; prop\u00f5e a prote\u00e7\u00e3o ao trabalho do idoso e daqueles com mais de 45 anos. O objetivo \u00e9 reduzir essas desvantagens, de forma a oferecer uma cobertura aos trabalhadores,&nbsp; compensando as empresas com uma escala de cotas que vai de 5% a 15%, conforme o n\u00famero de empregados contratados,&nbsp; al\u00e9m de uma redu\u00e7\u00e3o nos montantes das contribui\u00e7\u00f5es para a Previd\u00eancia Social.<\/p>\n<p style=\"text-align: justify;\">Tamb\u00e9m prev\u00ea a dedu\u00e7\u00e3o de 50% dos valores pagos aos trabalhadores acima de 45 anos.<\/p>\n<p style=\"text-align: justify;\">Para Gilberto Abramo, &#8220;medidas como essa s\u00e3o mais que necess\u00e1rias,&nbsp; principalmente por ser previs\u00edvel que as aposentadorias venham ser postergadas em raz\u00e3o da legisla\u00e7\u00e3o,&nbsp; da expectativa de vida e da longevidade real das pessoas.&#8221;<\/p>\n<p style=\"text-align: justify;\">\n<p style=\"text-align: justify;\">L\u00e9lia Queiroz<br \/>\nAssessoria de Comunica\u00e7\u00e3o<br \/>\nPRB MINAS GERAIS<\/p>\n","protected":false},"excerpt":{"rendered":"<p>Cerca de 30%c da popula\u00e7\u00e3o economicamente ativa tem entre 45 e 65 anos de idade, segundo o IBGE. A maioria<span class=\"excerpt-hellip\"> [\u2026]<\/span><\/p>\n","protected":false},"author":1,"featured_media":5705,"comment_status":"open","ping_status":"open","sticky":false,"template":"","format":"standard","meta":{"footnotes":""},"categories":[3],"tags":[],"class_list":["post-5692","post","type-post","status-publish","format-standard","has-post-thumbnail","hentry","category-ultimas-novidades"],"_links":{"self":[{"href":"https:\/\/republicanos10mg.org.br\/site\/wp-json\/wp\/v2\/posts\/5692","targetHints":{"allow":["GET"]}}],"collection":[{"href":"https:\/\/republicanos10mg.org.br\/site\/wp-json\/wp\/v2\/posts"}],"about":[{"href":"https:\/\/republicanos10mg.org.br\/site\/wp-json\/wp\/v2\/types\/post"}],"author":[{"embeddable":true,"href":"https:\/\/republicanos10mg.org.br\/site\/wp-json\/wp\/v2\/users\/1"}],"replies":[{"embeddable":true,"href":"https:\/\/republicanos10mg.org.br\/site\/wp-json\/wp\/v2\/comments?post=5692"}],"version-history":[{"count":0,"href":"https:\/\/republicanos10mg.org.br\/site\/wp-json\/wp\/v2\/posts\/5692\/revisions"}],"wp:featuredmedia":[{"embeddable":true,"href":"https:\/\/republicanos10mg.org.br\/site\/wp-json\/wp\/v2\/media\/5705"}],"wp:attachment":[{"href":"https:\/\/republicanos10mg.org.br\/site\/wp-json\/wp\/v2\/media?parent=5692"}],"wp:term":[{"taxonomy":"category","embeddable":true,"href":"https:\/\/republicanos10mg.org.br\/site\/wp-json\/wp\/v2\/categories?post=5692"},{"taxonomy":"post_tag","embeddable":true,"href":"https:\/\/republicanos10mg.org.br\/site\/wp-json\/wp\/v2\/tags?post=5692"}],"curies":[{"name":"wp","href":"https:\/\/api.w.org\/{rel}","templated":true}]}}