{"id":5682,"date":"2019-03-11T14:29:50","date_gmt":"2019-03-11T17:29:50","guid":{"rendered":"http:\/\/republicanos10mg.org.br\/site\/?p=5682"},"modified":"2019-03-11T14:29:50","modified_gmt":"2019-03-11T17:29:50","slug":"palavra-do-presidente-construindo-o-futuro-do-partido","status":"publish","type":"post","link":"https:\/\/republicanos10mg.org.br\/site\/palavra-do-presidente-construindo-o-futuro-do-partido\/","title":{"rendered":"Palavra do Presidente &#8220;Construindo o futuro do partido&#8221;"},"content":{"rendered":"<p><img loading=\"lazy\" decoding=\"async\" class=\"aligncenter size-full wp-image-5626\" src=\"http:\/\/republicanos10mg.org.br\/site\/wp-content\/uploads\/2019\/02\/MARCOS-PEREIRA-PALAVRA.jpg\" alt=\"MARCOS-PEREIRA-PALAVRA\" width=\"640\" height=\"426\" title=\"\" srcset=\"https:\/\/republicanos10mg.org.br\/site\/wp-content\/uploads\/2019\/02\/MARCOS-PEREIRA-PALAVRA.jpg 640w, https:\/\/republicanos10mg.org.br\/site\/wp-content\/uploads\/2019\/02\/MARCOS-PEREIRA-PALAVRA-300x199.jpg 300w\" sizes=\"auto, (max-width:767px) 480px, 640px\" \/><\/p>\n<p style=\"text-align: justify;\">Ol\u00e1, republicanos de todo o Brasil:<\/p>\n<p style=\"text-align: justify;\">J\u00e1 que o senso comum no Brasil \u00e9 o de que as coisas no Pa\u00eds s\u00f3 come\u00e7am a funcionar depois do Carnaval, coisa que eu acho inoportuna, n\u00e3o temos mais desculpas para n\u00e3o trabalhar duro e avan\u00e7ar.<\/p>\n<p style=\"text-align: justify;\">Hoje me dirijo especialmente aos presidentes estaduais e municipais do <strong>PRB<\/strong>. Chamo voc\u00eas \u00e0 responsabilidade na constru\u00e7\u00e3o do futuro do partido. N\u00e3o deixem para depois o que podem fazer agora.<\/p>\n<p style=\"text-align: justify;\">\u00c9 momento de pensar na estrat\u00e9gia eleitoral mirando 2020, pois \u00e9 sabido que ser\u00e1 uma disputa diferente de todas as outras com o fim das coliga\u00e7\u00f5es proporcionais.<\/p>\n<p style=\"text-align: justify;\">Oriento a fazerem conjuntamente uma avalia\u00e7\u00e3o profunda da situa\u00e7\u00e3o do <strong>PRB<\/strong> nos munic\u00edpios para tra\u00e7arem os objetivos de curto, m\u00e9dio e longo prazos.<\/p>\n<p style=\"text-align: justify;\">Busquem pessoas na sociedade que tenham o perfil republicano para integrarem nossas fileiras e disputarem as elei\u00e7\u00f5es.<\/p>\n<p style=\"text-align: justify;\">Pe\u00e7o aten\u00e7\u00e3o m\u00e1xima para a quest\u00e3o das mulheres e reitero a import\u00e2ncia de construirmos os melhores quadros. No <strong>PRB<\/strong> a mulher \u00e9 essencial e tratada com igualdade, n\u00e3o uma cota.<\/p>\n<p style=\"text-align: justify;\">No \u00e2mbito nacional, tamb\u00e9m estamos pensando nos pr\u00f3ximos passos do nosso partido e discutindo algumas mudan\u00e7as. Voc\u00eas ser\u00e3o chamados a opinar em breve.<\/p>\n<p style=\"text-align: justify;\">E aqueles que cumprem algum mandato ou fun\u00e7\u00e3o p\u00fablica pelo <strong>PRB<\/strong>, que possam dar o seu melhor em benef\u00edcio da sociedade, que \u00e9 nosso maior interesse.<\/p>\n<p style=\"text-align: justify;\">Sempre em frente.<br \/>\nBoa semana.<\/p>\n<p style=\"text-align: justify;\"><strong>Marcos Pereira<\/strong><br \/>\n<strong>Presidente Nacional do PRB<\/strong><br \/>\n<strong>Vice-Presidente da C\u00e2mara dos Deputados<\/strong><\/p>\n","protected":false},"excerpt":{"rendered":"<p>Ol\u00e1, republicanos de todo o Brasil: J\u00e1 que o senso comum no Brasil \u00e9 o de que as coisas no<span class=\"excerpt-hellip\"> [\u2026]<\/span><\/p>\n","protected":false},"author":1,"featured_media":5626,"comment_status":"open","ping_status":"open","sticky":false,"template":"","format":"standard","meta":{"footnotes":""},"categories":[3],"tags":[],"class_list":["post-5682","post","type-post","status-publish","format-standard","has-post-thumbnail","hentry","category-ultimas-novidades"],"_links":{"self":[{"href":"https:\/\/republicanos10mg.org.br\/site\/wp-json\/wp\/v2\/posts\/5682","targetHints":{"allow":["GET"]}}],"collection":[{"href":"https:\/\/republicanos10mg.org.br\/site\/wp-json\/wp\/v2\/posts"}],"about":[{"href":"https:\/\/republicanos10mg.org.br\/site\/wp-json\/wp\/v2\/types\/post"}],"author":[{"embeddable":true,"href":"https:\/\/republicanos10mg.org.br\/site\/wp-json\/wp\/v2\/users\/1"}],"replies":[{"embeddable":true,"href":"https:\/\/republicanos10mg.org.br\/site\/wp-json\/wp\/v2\/comments?post=5682"}],"version-history":[{"count":0,"href":"https:\/\/republicanos10mg.org.br\/site\/wp-json\/wp\/v2\/posts\/5682\/revisions"}],"wp:featuredmedia":[{"embeddable":true,"href":"https:\/\/republicanos10mg.org.br\/site\/wp-json\/wp\/v2\/media\/5626"}],"wp:attachment":[{"href":"https:\/\/republicanos10mg.org.br\/site\/wp-json\/wp\/v2\/media?parent=5682"}],"wp:term":[{"taxonomy":"category","embeddable":true,"href":"https:\/\/republicanos10mg.org.br\/site\/wp-json\/wp\/v2\/categories?post=5682"},{"taxonomy":"post_tag","embeddable":true,"href":"https:\/\/republicanos10mg.org.br\/site\/wp-json\/wp\/v2\/tags?post=5682"}],"curies":[{"name":"wp","href":"https:\/\/api.w.org\/{rel}","templated":true}]}}