{"id":5655,"date":"2019-02-20T15:11:04","date_gmt":"2019-02-20T18:11:04","guid":{"rendered":"http:\/\/republicanos10mg.org.br\/site\/?p=5655"},"modified":"2019-06-09T15:15:31","modified_gmt":"2019-06-09T18:15:31","slug":"rompimento-de-barragens-deputados-do-prb-minas-reforcam-os-trabalhos-legislativos","status":"publish","type":"post","link":"https:\/\/republicanos10mg.org.br\/site\/rompimento-de-barragens-deputados-do-prb-minas-reforcam-os-trabalhos-legislativos\/","title":{"rendered":"ROMPIMENTO DE BARRAGENS &#8211; Deputados do PRB Minas refor\u00e7am os trabalhos legislativos"},"content":{"rendered":"<div dir=\"auto\" style=\"text-align: justify;\">Os deputados federais e estaduais do PRB Minas Gerais est\u00e3o somando esfor\u00e7os sobre leis mais rigorosas para a quest\u00e3o do funcionamento de barragens no Estado.<\/div>\n<div dir=\"auto\" style=\"text-align: justify;\">\n<div id=\"attachment_5656\" style=\"width: 410px\" class=\"wp-caption aligncenter\"><img loading=\"lazy\" decoding=\"async\" aria-describedby=\"caption-attachment-5656\" class=\"wp-image-5656\" src=\"http:\/\/republicanos10mg.org.br\/site\/wp-content\/uploads\/2019\/02\/lafayette-de-andrada-prb-foto-douglas-gomes-07-02-19-300x200.jpg\" alt=\"lafayette-de-andrada-prb-foto-douglas-gomes-07-02-19\" width=\"400\" height=\"267\" title=\"\" srcset=\"https:\/\/republicanos10mg.org.br\/site\/wp-content\/uploads\/2019\/02\/lafayette-de-andrada-prb-foto-douglas-gomes-07-02-19-300x200.jpg 300w, https:\/\/republicanos10mg.org.br\/site\/wp-content\/uploads\/2019\/02\/lafayette-de-andrada-prb-foto-douglas-gomes-07-02-19.jpg 600w\" sizes=\"auto, (max-width:767px) 400px, 400px\" \/><p id=\"caption-attachment-5656\" class=\"wp-caption-text\">Deputado Federal Lafayette de Andrada &#8211; Foto: Douglas Gomes<\/p><\/div>\n<\/div>\n<div dir=\"auto\" style=\"text-align: justify;\">Na C\u00e2mara Federal,&nbsp; o Deputado Lafayette Andrada apresentou um requerimento para a cria\u00e7\u00e3o de um Novo C\u00f3digo de Minera\u00e7\u00e3o. &#8220;\u00c9 necess\u00e1rio reverter todo o modelo normativo da minera\u00e7\u00e3o do Brasil,&nbsp; com foco em m\u00e9todos mais modernos e seguros&#8221;, salienta Lafayette.<\/div>\n<div dir=\"auto\" style=\"text-align: justify;\">\n<div id=\"attachment_5657\" style=\"width: 410px\" class=\"wp-caption aligncenter\"><img loading=\"lazy\" decoding=\"async\" aria-describedby=\"caption-attachment-5657\" class=\"wp-image-5657 size-full\" src=\"http:\/\/republicanos10mg.org.br\/site\/wp-content\/uploads\/2019\/02\/3-30.jpg\" alt=\"3-30\" width=\"400\" height=\"300\" title=\"\" srcset=\"https:\/\/republicanos10mg.org.br\/site\/wp-content\/uploads\/2019\/02\/3-30.jpg 400w, https:\/\/republicanos10mg.org.br\/site\/wp-content\/uploads\/2019\/02\/3-30-300x225.jpg 300w\" sizes=\"auto, (max-width:767px) 400px, 400px\" \/><p id=\"caption-attachment-5657\" class=\"wp-caption-text\">Deputado Federal Gilberto Abramo<\/p><\/div>\n<\/div>\n<div dir=\"auto\" style=\"text-align: justify;\"><\/div>\n<div dir=\"auto\" style=\"text-align: justify;\">Outra a\u00e7\u00e3o \u00e9 a cria\u00e7\u00e3o da Comiss\u00e3o Externa &#8211; Desastre em Brumadinho, sugerida pelo Deputado Federal Gilberto Abramo, presidente do PRB Minas. O principal objetivo \u00e9 acompanhar e fiscalizar as barragens existentes no Brasil e as investiga\u00e7\u00f5es referentes ao desastre em Brumadinho. Segundo Abramo, o foco \u00e9 evitar Essa a trag\u00e9dias, al\u00e9m de contribuir para a agilidade das a\u00e7\u00f5es que podem subsidiar a CPI das Barragens na C\u00e2mara Federal.<\/div>\n<div dir=\"auto\" style=\"text-align: justify;\"><\/div>\n<div dir=\"auto\" style=\"text-align: justify;\"><b>CPI DAS BARRAGENS EM MINAS E PROJETOS<\/b><\/div>\n<div dir=\"auto\" style=\"text-align: justify;\"><\/div>\n<div dir=\"auto\" style=\"text-align: justify;\">Na Assembleia Legislativa,&nbsp; os deputados do PRB participam dos trabalhos relativos \u00e0 Comiss\u00e3o que investiga a situa\u00e7\u00e3o das barragens, bem como implementar uma legisla\u00e7\u00e3o mais rigorosa.<\/div>\n<div dir=\"auto\" style=\"text-align: justify;\">\n<div id=\"attachment_5658\" style=\"width: 410px\" class=\"wp-caption aligncenter\"><img loading=\"lazy\" decoding=\"async\" aria-describedby=\"caption-attachment-5658\" class=\"wp-image-5658\" src=\"http:\/\/republicanos10mg.org.br\/site\/wp-content\/uploads\/2019\/02\/1336934-1024x959.jpg\" alt=\"Solenidade de posse dos deputados estaduais eleitos para a 19\u00aa Legislatura\" width=\"400\" height=\"375\" title=\"\" srcset=\"https:\/\/republicanos10mg.org.br\/site\/wp-content\/uploads\/2019\/02\/1336934-1024x959.jpg 1024w, https:\/\/republicanos10mg.org.br\/site\/wp-content\/uploads\/2019\/02\/1336934-300x281.jpg 300w, https:\/\/republicanos10mg.org.br\/site\/wp-content\/uploads\/2019\/02\/1336934.jpg 2048w\" sizes=\"auto, (max-width:767px) 400px, 400px\" \/><p id=\"caption-attachment-5658\" class=\"wp-caption-text\">Deputado Estadual Charles Santos<\/p><\/div>\n<\/div>\n<div dir=\"auto\" style=\"text-align: justify;\"><\/div>\n<div dir=\"auto\" style=\"text-align: justify;\">O Deputado Estadual Charles Santos tamb\u00e9m&nbsp; \u00e9 autor do Projeto de Lei 244\/19, que prev\u00ea o desenvolvimento sustent\u00e1vel da pesca preservando a fauna aqu\u00e1tica e incentivando o turismo pesqueiro. Segundo Charles, &#8220;\u00e9 preciso garantir o equil\u00edbrio ambiental o Estado, preservando inclusive os rios e a qualidade de vida da popula\u00e7\u00e3o&#8221;, ressalta.<\/div>\n<div dir=\"auto\" style=\"text-align: justify;\"><\/div>\n<div dir=\"auto\" style=\"text-align: justify;\">\n<div id=\"attachment_5659\" style=\"width: 410px\" class=\"wp-caption aligncenter\"><img loading=\"lazy\" decoding=\"async\" aria-describedby=\"caption-attachment-5659\" class=\"wp-image-5659\" src=\"http:\/\/republicanos10mg.org.br\/site\/wp-content\/uploads\/2019\/02\/mauro-tramonte-cpi-barragens.png\" alt=\"mauro-tramonte-cpi-barragens\" width=\"400\" height=\"405\" title=\"\" srcset=\"https:\/\/republicanos10mg.org.br\/site\/wp-content\/uploads\/2019\/02\/mauro-tramonte-cpi-barragens.png 569w, https:\/\/republicanos10mg.org.br\/site\/wp-content\/uploads\/2019\/02\/mauro-tramonte-cpi-barragens-296x300.png 296w, https:\/\/republicanos10mg.org.br\/site\/wp-content\/uploads\/2019\/02\/mauro-tramonte-cpi-barragens-70x70.png 70w\" sizes=\"auto, (max-width:767px) 400px, 400px\" \/><p id=\"caption-attachment-5659\" class=\"wp-caption-text\">Deputado Estadual Mauro Tramonte<\/p><\/div>\n<\/div>\n<div dir=\"auto\" style=\"text-align: justify;\"><\/div>\n<div dir=\"auto\" style=\"text-align: justify;\">Proibir a instala\u00e7\u00e3o de barragens de rejeito de min\u00e9rio pelo m\u00e9todo de alteamento a montante ou aterro hidr\u00e1ulico no Estado \u00e9 o que pretende ainda o Projeto de Lei 295\/19, de autoria do Deputado Estadual Mauro Tramonte. Para Tramonte, &#8221; \u00e9 not\u00f3rio o risco de rompimento com esses m\u00e9todos; \u00e9 preciso investir em seguran\u00e7a de barragens n\u00e3o como op\u00e7\u00e3o, mas como prioridade de preserva\u00e7\u00e3o da vida&#8221;, refor\u00e7a.<\/div>\n<div dir=\"auto\" style=\"text-align: justify;\"><\/div>\n<div dir=\"auto\" style=\"text-align: justify;\"><b>NOVA LIMA&nbsp;<\/b><\/div>\n<div dir=\"auto\" style=\"text-align: justify;\"><\/div>\n<div dir=\"auto\" style=\"text-align: justify;\">\n<div id=\"attachment_5660\" style=\"width: 410px\" class=\"wp-caption aligncenter\"><img loading=\"lazy\" decoding=\"async\" aria-describedby=\"caption-attachment-5660\" class=\"wp-image-5660\" src=\"http:\/\/republicanos10mg.org.br\/site\/wp-content\/uploads\/2019\/02\/carlos-henrique-prb-foto1-ascom-23-07-18.jpg\" alt=\"carlos-henrique-prb-foto1-ascom-23-07-18\" width=\"400\" height=\"267\" title=\"\" srcset=\"https:\/\/republicanos10mg.org.br\/site\/wp-content\/uploads\/2019\/02\/carlos-henrique-prb-foto1-ascom-23-07-18.jpg 600w, https:\/\/republicanos10mg.org.br\/site\/wp-content\/uploads\/2019\/02\/carlos-henrique-prb-foto1-ascom-23-07-18-300x200.jpg 300w\" sizes=\"auto, (max-width:767px) 400px, 400px\" \/><p id=\"caption-attachment-5660\" class=\"wp-caption-text\">Deputado Estadual Carlos Henrique &#8211; Foto: Ascom<\/p><\/div>\n<\/div>\n<p style=\"text-align: justify;\">O Deputado Estadual Carlos Henrique, que tamb\u00e9m assinou a cria\u00e7\u00e3o da CPI das Barragens,&nbsp; esteve na Prefeitura de Nova Lima para acompanhar a explica\u00e7\u00e3o dos t\u00e9cnicos, ap\u00f3s o an\u00fancio de eleva\u00e7\u00e3o para o n\u00edvel 2 de rompimento da barragem B3 e B4 em Macacos. Carlos Henrique salienta que &#8220;\u00e9 preciso rigor na legisla\u00e7\u00e3o e medidas emergenciais sobre o rompimento de barragens, de modo a preservar a vida de centenas de fam\u00edlias. &#8220;<\/p>\n<p>Em&nbsp; janeiro desse ano, a barragem 1 da Mina do C\u00f3rrego do Feij\u00e3o rompeu-se em Brumadinho,&nbsp; Minas Gerais. O desastre resultou em mais de 160 mortes. Em 2015, o rompimento da barragem em Mariana &#8211; Bento Gon\u00e7alves, causou o maior desastre ambiental do pa\u00eds e matou 19 pessoas.<\/p>\n<p style=\"text-align: justify;\">\n<p style=\"text-align: justify;\">\nL\u00e9lia Queiroz<br \/>\nASCOM PRB MINAS<br \/>\nDiagrama\u00e7\u00e3o: Ana Paula Fonseca<\/p>\n","protected":false},"excerpt":{"rendered":"<p>Os deputados federais e estaduais do PRB Minas Gerais est\u00e3o somando esfor\u00e7os sobre leis mais rigorosas para a quest\u00e3o do<span class=\"excerpt-hellip\"> [\u2026]<\/span><\/p>\n","protected":false},"author":1,"featured_media":5661,"comment_status":"open","ping_status":"open","sticky":false,"template":"","format":"standard","meta":{"footnotes":""},"categories":[3],"tags":[],"class_list":["post-5655","post","type-post","status-publish","format-standard","has-post-thumbnail","hentry","category-ultimas-novidades"],"_links":{"self":[{"href":"https:\/\/republicanos10mg.org.br\/site\/wp-json\/wp\/v2\/posts\/5655","targetHints":{"allow":["GET"]}}],"collection":[{"href":"https:\/\/republicanos10mg.org.br\/site\/wp-json\/wp\/v2\/posts"}],"about":[{"href":"https:\/\/republicanos10mg.org.br\/site\/wp-json\/wp\/v2\/types\/post"}],"author":[{"embeddable":true,"href":"https:\/\/republicanos10mg.org.br\/site\/wp-json\/wp\/v2\/users\/1"}],"replies":[{"embeddable":true,"href":"https:\/\/republicanos10mg.org.br\/site\/wp-json\/wp\/v2\/comments?post=5655"}],"version-history":[{"count":0,"href":"https:\/\/republicanos10mg.org.br\/site\/wp-json\/wp\/v2\/posts\/5655\/revisions"}],"wp:featuredmedia":[{"embeddable":true,"href":"https:\/\/republicanos10mg.org.br\/site\/wp-json\/wp\/v2\/media\/5661"}],"wp:attachment":[{"href":"https:\/\/republicanos10mg.org.br\/site\/wp-json\/wp\/v2\/media?parent=5655"}],"wp:term":[{"taxonomy":"category","embeddable":true,"href":"https:\/\/republicanos10mg.org.br\/site\/wp-json\/wp\/v2\/categories?post=5655"},{"taxonomy":"post_tag","embeddable":true,"href":"https:\/\/republicanos10mg.org.br\/site\/wp-json\/wp\/v2\/tags?post=5655"}],"curies":[{"name":"wp","href":"https:\/\/api.w.org\/{rel}","templated":true}]}}