{"id":4385,"date":"2017-03-23T10:22:15","date_gmt":"2017-03-23T13:22:15","guid":{"rendered":"http:\/\/republicanos10mg.org.br\/site\/?p=4385"},"modified":"2017-03-23T10:22:15","modified_gmt":"2017-03-23T13:22:15","slug":"mensagem-da-semana-sobre-privilegios-e-responsabilidades","status":"publish","type":"post","link":"https:\/\/republicanos10mg.org.br\/site\/mensagem-da-semana-sobre-privilegios-e-responsabilidades\/","title":{"rendered":"Mensagem da semana &#8216;Sobre privil\u00e9gios e responsabilidades&#8217;"},"content":{"rendered":"<p><img loading=\"lazy\" decoding=\"async\" class=\"aligncenter size-full wp-image-4188\" src=\"http:\/\/republicanos10mg.org.br\/site\/wp-content\/uploads\/2017\/03\/eduardo-lopes-prb-palavra-do-presidente-foto-douglas-gomes-2017.jpg\" alt=\"eduardo-lopes-prb-palavra-do-presidente-foto-douglas-gomes-2017\" width=\"600\" height=\"400\" title=\"\" srcset=\"https:\/\/republicanos10mg.org.br\/site\/wp-content\/uploads\/2017\/03\/eduardo-lopes-prb-palavra-do-presidente-foto-douglas-gomes-2017.jpg 600w, https:\/\/republicanos10mg.org.br\/site\/wp-content\/uploads\/2017\/03\/eduardo-lopes-prb-palavra-do-presidente-foto-douglas-gomes-2017-113x75.jpg 113w, https:\/\/republicanos10mg.org.br\/site\/wp-content\/uploads\/2017\/03\/eduardo-lopes-prb-palavra-do-presidente-foto-douglas-gomes-2017-480x320.jpg 480w, https:\/\/republicanos10mg.org.br\/site\/wp-content\/uploads\/2017\/03\/eduardo-lopes-prb-palavra-do-presidente-foto-douglas-gomes-2017-300x200.jpg 300w\" sizes=\"auto, (max-width:767px) 480px, 600px\" \/><\/p>\n<p style=\"text-align: justify;\">Ol\u00e1, republicanos!<\/p>\n<p style=\"text-align: justify;\">Nas \u00faltimas semanas, eu vinha sendo cobrado por n\u00e3o ter assinado o requerimento para que a Proposta de Emenda \u00e0 Constitui\u00e7\u00e3o (PEC), que p\u00f5e fim ao foro especial por prerrogativa de fun\u00e7\u00e3o, fosse inclu\u00eddo na pauta de vota\u00e7\u00f5es do plen\u00e1rio do Senado.<\/p>\n<p style=\"text-align: justify;\">O foro privilegiado \u00e9 um direito adquirido por algumas autoridades p\u00fablicas, desta forma, caso sejam alvos de processos penais, t\u00eam direito a julgamento especial e particular.\u00a0Sou totalmente a favor do fim do foro privilegiado, na quarta-feira (15), assinei o requerimento de urg\u00eancia. Vamos debater no Senado, creio que ser\u00e1 aprovado porque \u00e9 momento de mudan\u00e7a, a sociedade exige a transforma\u00e7\u00e3o deste pa\u00eds. O foro privilegiado \u00e9 pauta antiga que serviu para proteger alguns parlamentares em um determinado momento, o que n\u00e3o cabe atualmente. A popula\u00e7\u00e3o est\u00e1 atenta e quer uma mudan\u00e7a de postura, o eleitor quer respostas de quem confiou o voto.<\/p>\n<p style=\"text-align: justify;\">Quero frisar que sou a favor do fim do foro privilegiado em todas as esferas, seja no e\u00a0Executivo, Judici\u00e1rio, Legislativo; para os servidores e os cidad\u00e3os comuns. Ningu\u00e9m deve ter privil\u00e9gios.<\/p>\n<p style=\"text-align: justify;\">Na pr\u00e1tica, com o fim do foro privilegiado, as autoridades que hoje t\u00eam o direito de ser julgadas somente nos tribunais superiores, passariam a responder a processos na primeira inst\u00e2ncia da Justi\u00e7a. Agora \u00e9 esperar os tr\u00e2mites seguintes para prosseguimento da quest\u00e3o.<\/p>\n<p style=\"text-align: justify;\">Entre os compromissos da semana, visitei a sede do <strong>PRB<\/strong>, em Bel\u00e9m (PA). Fomos recepcionados pelo presidente F\u00e1bio Freitas e o deputado estadual Divino, e conversamos sobre o trabalho que vem sendo realizado no estado. Participamos tamb\u00e9m do evento de lan\u00e7amento do 6\u00b0 Anu\u00e1rio Mineral do estado do Par\u00e1 realizado pelo Simineral.<\/p>\n<p style=\"text-align: justify;\">De Bel\u00e9m, retornamos \u00e0 Bras\u00edlia onde tivemos v\u00e1rios compromissos: reuni\u00e3o com a Lideran\u00e7a do <strong>PRB<\/strong>, encontro com o ministro da Educa\u00e7\u00e3o, Mendon\u00e7a Filho, tratando de pautas de interesse de v\u00e1rios prefeitos, que t\u00eam nos procurado buscando recursos para a educa\u00e7\u00e3o em seus munic\u00edpios. S\u00e3o projetos muito interessantes que contribuem para o crescimento das regi\u00f5es e s\u00e3o de grande valia \u00e0 popula\u00e7\u00e3o.<\/p>\n<p style=\"text-align: justify;\">Participei de reuni\u00e3o na Comiss\u00e3o de Assuntos Sociais (CAS), estive com o ministro e presidente nacional do <strong>PRB<\/strong> licenciado, Marcos Pereira, ocasi\u00e3o em que alinhamos quest\u00f5es concernentes ao <strong>PRB<\/strong>.<\/p>\n<p style=\"text-align: justify;\">Em meu gabinete, no Senado Federal, recebi o prefeito do munic\u00edpio de Barra Mansa (RJ), Rodrigo Drable. O prefeito do munic\u00edpio de Miguel Pereira, Andr\u00e9 Portugu\u00eas, e o deputado federal Alexandre Valle tamb\u00e9m nos visitaram. Recebi o vereador de S\u00e3o Gon\u00e7alo, Jalmir J\u00fanior, e o deputado federal Dejorge Patr\u00edcio.<\/p>\n<p style=\"text-align: justify;\">O vereador Betinho, de Campo Grande (MS), nos trouxe a demanda sobre a regulamenta\u00e7\u00e3o da profiss\u00e3o do operador de telemarketing. Em quest\u00e3o, o PL 6.875\/2013 que tramita na C\u00e2mara dos Deputados. Conversarei com os\u00a0deputados, pois julgo fundamental buscarmos melhores condi\u00e7\u00f5es de trabalho para esta categoria.<\/p>\n<p style=\"text-align: justify;\">Enfatizo que nestes encontros conversamos sobre quest\u00f5es emergenciais e, juntos, buscamos unir esfor\u00e7os porque a maioria dos munic\u00edpios est\u00e1 atravessando s\u00e9rias dificuldades em rela\u00e7\u00e3o a sa\u00fade, educa\u00e7\u00e3o, saneamento.<\/p>\n<p style=\"text-align: justify;\">Tenho me comprometido a buscar recursos no Executivo, pois desta forma \u00e9 poss\u00edvel colaborar efetivamente para trazer pol\u00edticas p\u00fablicas que possam atender as demandas.<\/p>\n<p style=\"text-align: justify;\">Existem pessoas s\u00e9rias neste pa\u00eds, que trabalham por voc\u00ea, que se preocupam em pensar, pautar, debater e fazer com que se torne realidade o projeto de um novo Brasil, em que o privil\u00e9gio maior seja saber que n\u00f3s, enquanto pol\u00edticos, contribu\u00edmos para dar-lhes melhores condi\u00e7\u00f5es em \u00e1reas essenciais.<\/p>\n<p style=\"text-align: justify;\">N\u00f3s representamos o Brasil e por ele faremos o que nos compete porque fomos legitimamente eleitos para isso. Contem conosco do <strong>PRB<\/strong>, cumprimos o nosso papel. Avante!<\/p>\n<p style=\"text-align: justify;\"><strong>Senador Eduardo Lopes<\/strong><br \/>\n<strong>Presidente Nacional do PRB (Interino)<\/strong><\/p>\n","protected":false},"excerpt":{"rendered":"<p>Ol\u00e1, republicanos! Nas \u00faltimas semanas, eu vinha sendo cobrado por n\u00e3o ter assinado o requerimento para que a Proposta de<span class=\"excerpt-hellip\"> [\u2026]<\/span><\/p>\n","protected":false},"author":1,"featured_media":4188,"comment_status":"open","ping_status":"open","sticky":false,"template":"","format":"standard","meta":{"footnotes":""},"categories":[3],"tags":[],"class_list":["post-4385","post","type-post","status-publish","format-standard","has-post-thumbnail","hentry","category-ultimas-novidades"],"_links":{"self":[{"href":"https:\/\/republicanos10mg.org.br\/site\/wp-json\/wp\/v2\/posts\/4385","targetHints":{"allow":["GET"]}}],"collection":[{"href":"https:\/\/republicanos10mg.org.br\/site\/wp-json\/wp\/v2\/posts"}],"about":[{"href":"https:\/\/republicanos10mg.org.br\/site\/wp-json\/wp\/v2\/types\/post"}],"author":[{"embeddable":true,"href":"https:\/\/republicanos10mg.org.br\/site\/wp-json\/wp\/v2\/users\/1"}],"replies":[{"embeddable":true,"href":"https:\/\/republicanos10mg.org.br\/site\/wp-json\/wp\/v2\/comments?post=4385"}],"version-history":[{"count":0,"href":"https:\/\/republicanos10mg.org.br\/site\/wp-json\/wp\/v2\/posts\/4385\/revisions"}],"wp:featuredmedia":[{"embeddable":true,"href":"https:\/\/republicanos10mg.org.br\/site\/wp-json\/wp\/v2\/media\/4188"}],"wp:attachment":[{"href":"https:\/\/republicanos10mg.org.br\/site\/wp-json\/wp\/v2\/media?parent=4385"}],"wp:term":[{"taxonomy":"category","embeddable":true,"href":"https:\/\/republicanos10mg.org.br\/site\/wp-json\/wp\/v2\/categories?post=4385"},{"taxonomy":"post_tag","embeddable":true,"href":"https:\/\/republicanos10mg.org.br\/site\/wp-json\/wp\/v2\/tags?post=4385"}],"curies":[{"name":"wp","href":"https:\/\/api.w.org\/{rel}","templated":true}]}}