{"id":4146,"date":"2017-02-16T11:13:05","date_gmt":"2017-02-16T13:13:05","guid":{"rendered":"http:\/\/republicanos10mg.org.br\/site\/?p=4146"},"modified":"2017-02-16T11:13:05","modified_gmt":"2017-02-16T13:13:05","slug":"mensagem-da-semana-crise-anunciada","status":"publish","type":"post","link":"https:\/\/republicanos10mg.org.br\/site\/mensagem-da-semana-crise-anunciada\/","title":{"rendered":"Mensagem da Semana &#8220;Crise anunciada&#8221;"},"content":{"rendered":"<p><img loading=\"lazy\" decoding=\"async\" class=\"aligncenter size-full wp-image-4147\" src=\"http:\/\/republicanos10mg.org.br\/site\/wp-content\/uploads\/2017\/02\/eduardo-lopes-prb-palavra-do-presidente-foto-douglas-gomes-2017.jpg\" alt=\"eduardo-lopes-prb-palavra-do-presidente-foto-douglas-gomes-2017\" width=\"600\" height=\"400\" title=\"\" srcset=\"https:\/\/republicanos10mg.org.br\/site\/wp-content\/uploads\/2017\/02\/eduardo-lopes-prb-palavra-do-presidente-foto-douglas-gomes-2017.jpg 600w, https:\/\/republicanos10mg.org.br\/site\/wp-content\/uploads\/2017\/02\/eduardo-lopes-prb-palavra-do-presidente-foto-douglas-gomes-2017-113x75.jpg 113w, https:\/\/republicanos10mg.org.br\/site\/wp-content\/uploads\/2017\/02\/eduardo-lopes-prb-palavra-do-presidente-foto-douglas-gomes-2017-480x320.jpg 480w, https:\/\/republicanos10mg.org.br\/site\/wp-content\/uploads\/2017\/02\/eduardo-lopes-prb-palavra-do-presidente-foto-douglas-gomes-2017-300x200.jpg 300w\" sizes=\"auto, (max-width:767px) 480px, 600px\" \/><\/p>\n<p style=\"text-align: justify;\">Ol\u00e1, republicanos!<\/p>\n<p style=\"text-align: justify;\">Temos acompanhado com pesar a crise que assola o pa\u00eds, gostar\u00edamos de falar de crescimento, de boas not\u00edcias, mas a realidade \u00e9 que estamos em estado de aten\u00e7\u00e3o por tudo o que tem acontecido. N\u00e3o s\u00e3o quest\u00f5es locais, h\u00e1 queixas vindas de norte a sul, sinalizando que o Brasil pede socorro. Os reflexos s\u00e3o os piores poss\u00edveis e sucateiam a educa\u00e7\u00e3o, a sa\u00fade, a seguran\u00e7a e amea\u00e7am o sustento das fam\u00edlias.<\/p>\n<p style=\"text-align: justify;\">N\u00e3o d\u00e1 para imaginar pior dor para um trabalhador que n\u00e3o tem como cuidar da fam\u00edlia, e isso porque n\u00e3o est\u00e1 recebendo o seu sal\u00e1rio. \u00c9 dor que somente quem passa por tal problema pode mensurar.<\/p>\n<p style=\"text-align: justify;\">Eu quero hoje dividir com voc\u00eas a minha indigna\u00e7\u00e3o e preocupa\u00e7\u00e3o com o que ocorreu no Esp\u00edrito Santo: inaceit\u00e1vel. No Rio de Janeiro, gra\u00e7as \u00e0 crise pol\u00edtica, institucional e \u00e9tica, o Estado \u00e9 tema de mat\u00e9rias negativas, nos mais conceituados ve\u00edculos internacionais de comunica\u00e7\u00e3o, sendo apontado pelos esc\u00e2ndalos dos mais variados.<\/p>\n<p style=\"text-align: justify;\">Sabemos que enfrentamos uma crise anunciada. Para sinalizar como chegamos a este ponto, \u00e9 vi\u00e1vel lembrar que a popula\u00e7\u00e3o do nosso Estado est\u00e1 enfrentando as consequ\u00eancias de uma associa\u00e7\u00e3o entre a queda na arrecada\u00e7\u00e3o de impostos e royalties do petr\u00f3leo e uma gest\u00e3o no m\u00ednimo desastrosa das contas p\u00fablicas ao longo dos \u00faltimos anos. No fim de 2015, escolas n\u00e3o receberam merendas, emerg\u00eancias hospitalares fecharam as portas e alguns servidores ficaram sem seu sustento, sem seus sal\u00e1rios. Na sequ\u00eancia, faltou comida nas penitenci\u00e1rias; as UPAs (Unidades de Pronto Atendimento) restringiram seus atendimentos; obras importantes foram paralisadas; e os servidores estaduais passaram a sofrer atrasos sistem\u00e1ticos em seus sal\u00e1rios.<\/p>\n<p style=\"text-align: justify;\">A seguran\u00e7a no Estado \u00e9 reflexo da fal\u00eancia e falta de pol\u00edtica, de parcerias para que este segmento funcione, garantindo a seguran\u00e7a da popula\u00e7\u00e3o. A \u00faltima semana foi marcada pelo medo, sobressalto, gra\u00e7as a \u00e1udios, posts em redes sociais, com not\u00edcias falsas que espalharam medo. O fato \u00e9 que houve uma mobiliza\u00e7\u00e3o dos familiares dos policiais nas portas de batalh\u00f5es. Quanto a alguns incidentes, como saques e assaltos, s\u00e3o fruto da a\u00e7\u00e3o de bandidos que se aproveitaram de uma situa\u00e7\u00e3o para p\u00f4r em pr\u00e1tica o que fazem diariamente.<\/p>\n<p style=\"text-align: justify;\">Como senador, com muita honra represento o meu querido Estado do Rio de Janeiro e vou trabalhar para que tal situa\u00e7\u00e3o mude. N\u00e3o estou aqui para minimizar a situa\u00e7\u00e3o, estive na \u00faltima sexta-feira (10) no Quartel General da PMERJ e fui recebido pelo coronel Danilo no gabinete do comandante geral da PMERJ, coronel Wolney Dias. Conversamos sobre a crise na seguran\u00e7a p\u00fablica. Na Coordenadoria de Assuntos Estrat\u00e9gicos, o comandante Anderson, entre outros assuntos, destacou que a inten\u00e7\u00e3o da PMERJ \u00e9 avan\u00e7ar na \u00e1rea tecnol\u00f3gica para que possam ter resultados mais efetivos nas opera\u00e7\u00f5es.<\/p>\n<p style=\"text-align: justify;\">O encontro foi produtivo e sa\u00ed de l\u00e1 certo de que precisamos ajudar a PMERJ porque, de fato, os policiais t\u00eam sofrido, n\u00e3o s\u00f3 em rela\u00e7\u00e3o aos sal\u00e1rios, mas com os meios para desempenhar as fun\u00e7\u00f5es. N\u00e3o queremos que as estat\u00edsticas de morte de policiais sejam crescentes, j\u00e1 chega a 23 o n\u00famero de PMs mortos no Estado em 2017. Buscarei ajuda e parcerias que possam viabilizar as demandas trazidas pelos policiais.<\/p>\n<p style=\"text-align: justify;\">Na \u00faltima semana, atendemos v\u00e1rios prefeitos em Bras\u00edlia, porque meu compromisso \u00e9 ser um facilitador do trabalho de cada um. Levei alguns prefeitos ao gabinete do ministro da Ind\u00fastria, Com\u00e9rcio Exterior e Servi\u00e7os, Marcos Pereira, presidente nacional do <strong>PRB<\/strong> licenciado, que sempre se colocou \u00e0 disposi\u00e7\u00e3o, no que for preciso, para estudar e, consequentemente, viabilizar projetos.<\/p>\n<p style=\"text-align: justify;\">\u00c9 desta forma que o <strong>PRB<\/strong> tem trabalhado. Queremos muito mais, voc\u00eas sabem que temos um projeto e vamos realiz\u00e1-lo com a sua ajuda, for\u00e7a e trabalho. Sigamos em frente, temos muito a fazer. Avante!<\/p>\n<p style=\"text-align: justify;\"><strong>Senador Eduardo Lopes<\/strong><br \/>\n<strong>Presidente Nacional do PRB (Interino)<\/strong><\/p>\n","protected":false},"excerpt":{"rendered":"<p>Ol\u00e1, republicanos! Temos acompanhado com pesar a crise que assola o pa\u00eds, gostar\u00edamos de falar de crescimento, de boas not\u00edcias,<span class=\"excerpt-hellip\"> [\u2026]<\/span><\/p>\n","protected":false},"author":1,"featured_media":4147,"comment_status":"open","ping_status":"open","sticky":false,"template":"","format":"standard","meta":{"footnotes":""},"categories":[3],"tags":[],"class_list":["post-4146","post","type-post","status-publish","format-standard","has-post-thumbnail","hentry","category-ultimas-novidades"],"_links":{"self":[{"href":"https:\/\/republicanos10mg.org.br\/site\/wp-json\/wp\/v2\/posts\/4146","targetHints":{"allow":["GET"]}}],"collection":[{"href":"https:\/\/republicanos10mg.org.br\/site\/wp-json\/wp\/v2\/posts"}],"about":[{"href":"https:\/\/republicanos10mg.org.br\/site\/wp-json\/wp\/v2\/types\/post"}],"author":[{"embeddable":true,"href":"https:\/\/republicanos10mg.org.br\/site\/wp-json\/wp\/v2\/users\/1"}],"replies":[{"embeddable":true,"href":"https:\/\/republicanos10mg.org.br\/site\/wp-json\/wp\/v2\/comments?post=4146"}],"version-history":[{"count":0,"href":"https:\/\/republicanos10mg.org.br\/site\/wp-json\/wp\/v2\/posts\/4146\/revisions"}],"wp:featuredmedia":[{"embeddable":true,"href":"https:\/\/republicanos10mg.org.br\/site\/wp-json\/wp\/v2\/media\/4147"}],"wp:attachment":[{"href":"https:\/\/republicanos10mg.org.br\/site\/wp-json\/wp\/v2\/media?parent=4146"}],"wp:term":[{"taxonomy":"category","embeddable":true,"href":"https:\/\/republicanos10mg.org.br\/site\/wp-json\/wp\/v2\/categories?post=4146"},{"taxonomy":"post_tag","embeddable":true,"href":"https:\/\/republicanos10mg.org.br\/site\/wp-json\/wp\/v2\/tags?post=4146"}],"curies":[{"name":"wp","href":"https:\/\/api.w.org\/{rel}","templated":true}]}}