{"id":4142,"date":"2017-02-13T12:34:39","date_gmt":"2017-02-13T14:34:39","guid":{"rendered":"http:\/\/republicanos10mg.org.br\/site\/?p=4142"},"modified":"2017-02-13T12:34:39","modified_gmt":"2017-02-13T14:34:39","slug":"palavra-do-presidente-prbmg-compromisso-e-projetos","status":"publish","type":"post","link":"https:\/\/republicanos10mg.org.br\/site\/palavra-do-presidente-prbmg-compromisso-e-projetos\/","title":{"rendered":"Palavra do Presidente PRBMG &#8220;Compromisso e projetos&#8221;"},"content":{"rendered":"<p><iframe loading=\"lazy\" title=\"Palavra do Presidente Estadual PRB MINAS\" width=\"1220\" height=\"686\" src=\"https:\/\/www.youtube.com\/embed\/YnzWWiT_yvM?feature=oembed\" frameborder=\"0\" allow=\"accelerometer; autoplay; encrypted-media; gyroscope; picture-in-picture\" allowfullscreen><\/iframe><\/p>\n<p style=\"text-align: justify;\">As elei\u00e7\u00f5es municipais de 2016 mostraram a for\u00e7a das lideran\u00e7as republicanas e o trabalho primordial dos coordenadores municipais. Esses que conhecem de perto a realidade de cada munic\u00edpio.Tivemos a honra de ser o Estado que mais elegeu representantes do PRB.<\/p>\n<p style=\"text-align: justify;\">Concretizamos encontros com os Prefeitos e Vice-Prefeitos, que apresentaram seus projetos e demandas, e queremos realizar em breve o I Encontro dos Vereadores Eleitos. Em 2017, seguimos trabalhando com metas, n\u00e3o apenas visando 2018, mas com foco em 2020.<\/p>\n<p style=\"text-align: justify;\">Trata-se de uma constru\u00e7\u00e3o, pautada no di\u00e1logo e no compromisso com o coletivo. O PRB n\u00e3o trabalha pelo individual, mas pelo bem comum. E o resgate da boa pol\u00edtica passa por esse caminho.<\/p>\n<p style=\"text-align: justify;\">Em 2017, nosso maior objetivo \u00e9 renovar esse objetivo, com trabalho, compromisso e projetos, rumo ao crescimento, com lideran\u00e7as fortes para disputas eleitorais em 2018 e 2020.<\/p>\n<p>Gilberto Abramo<\/p>\n<p style=\"text-align: justify;\">\n","protected":false},"excerpt":{"rendered":"<p>As elei\u00e7\u00f5es municipais de 2016 mostraram a for\u00e7a das lideran\u00e7as republicanas e o trabalho primordial dos coordenadores municipais. Esses que<span class=\"excerpt-hellip\"> [\u2026]<\/span><\/p>\n","protected":false},"author":1,"featured_media":3584,"comment_status":"open","ping_status":"open","sticky":false,"template":"","format":"standard","meta":{"footnotes":""},"categories":[3],"tags":[],"class_list":["post-4142","post","type-post","status-publish","format-standard","has-post-thumbnail","hentry","category-ultimas-novidades"],"_links":{"self":[{"href":"https:\/\/republicanos10mg.org.br\/site\/wp-json\/wp\/v2\/posts\/4142","targetHints":{"allow":["GET"]}}],"collection":[{"href":"https:\/\/republicanos10mg.org.br\/site\/wp-json\/wp\/v2\/posts"}],"about":[{"href":"https:\/\/republicanos10mg.org.br\/site\/wp-json\/wp\/v2\/types\/post"}],"author":[{"embeddable":true,"href":"https:\/\/republicanos10mg.org.br\/site\/wp-json\/wp\/v2\/users\/1"}],"replies":[{"embeddable":true,"href":"https:\/\/republicanos10mg.org.br\/site\/wp-json\/wp\/v2\/comments?post=4142"}],"version-history":[{"count":0,"href":"https:\/\/republicanos10mg.org.br\/site\/wp-json\/wp\/v2\/posts\/4142\/revisions"}],"wp:featuredmedia":[{"embeddable":true,"href":"https:\/\/republicanos10mg.org.br\/site\/wp-json\/wp\/v2\/media\/3584"}],"wp:attachment":[{"href":"https:\/\/republicanos10mg.org.br\/site\/wp-json\/wp\/v2\/media?parent=4142"}],"wp:term":[{"taxonomy":"category","embeddable":true,"href":"https:\/\/republicanos10mg.org.br\/site\/wp-json\/wp\/v2\/categories?post=4142"},{"taxonomy":"post_tag","embeddable":true,"href":"https:\/\/republicanos10mg.org.br\/site\/wp-json\/wp\/v2\/tags?post=4142"}],"curies":[{"name":"wp","href":"https:\/\/api.w.org\/{rel}","templated":true}]}}