{"id":4139,"date":"2017-02-10T12:04:46","date_gmt":"2017-02-10T14:04:46","guid":{"rendered":"http:\/\/republicanos10mg.org.br\/site\/?p=4139"},"modified":"2017-02-10T12:04:46","modified_gmt":"2017-02-10T14:04:46","slug":"marcos-pereira-diz-que-fluxo-comercial-entre-brasil-e-argentina-deve-ser-ampliado","status":"publish","type":"post","link":"https:\/\/republicanos10mg.org.br\/site\/marcos-pereira-diz-que-fluxo-comercial-entre-brasil-e-argentina-deve-ser-ampliado\/","title":{"rendered":"Marcos Pereira diz que fluxo comercial entre Brasil e Argentina deve ser ampliado"},"content":{"rendered":"<div id=\"attachment_4140\" style=\"width: 756px\" class=\"wp-caption aligncenter\"><img loading=\"lazy\" decoding=\"async\" aria-describedby=\"caption-attachment-4140\" class=\"wp-image-4140 size-full\" src=\"http:\/\/republicanos10mg.org.br\/site\/wp-content\/uploads\/2017\/02\/07022017-_ETO2595-Editar.jpg\" alt=\"07022017-_ETO2595-Editar\" width=\"746\" height=\"423\" title=\"\" srcset=\"https:\/\/republicanos10mg.org.br\/site\/wp-content\/uploads\/2017\/02\/07022017-_ETO2595-Editar.jpg 746w, https:\/\/republicanos10mg.org.br\/site\/wp-content\/uploads\/2017\/02\/07022017-_ETO2595-Editar-132x75.jpg 132w, https:\/\/republicanos10mg.org.br\/site\/wp-content\/uploads\/2017\/02\/07022017-_ETO2595-Editar-480x272.jpg 480w, https:\/\/republicanos10mg.org.br\/site\/wp-content\/uploads\/2017\/02\/07022017-_ETO2595-Editar-300x170.jpg 300w\" sizes=\"auto, (max-width:767px) 480px, 746px\" \/><p id=\"caption-attachment-4140\" class=\"wp-caption-text\">Ministro participou de reuni\u00e3o no Pal\u00e1cio do Planalto com Michel Temer e Mauricio Macri<\/p><\/div>\n<p style=\"text-align: justify;\"><strong>Bras\u00edlia (7 de fevereiro)<\/strong> &#8211; O ministro Marcos Pereira participou nesta ter\u00e7a-feira de reuni\u00e3o no Pal\u00e1cio do Planalto, com o presidente Michel Temer e o presidente da Argentina, Mauricio Macri. Durante o encontro, o ministro fez um relato das a\u00e7\u00f5es em curso para intensificar o com\u00e9rcio entre os dois pa\u00edses.<\/p>\n<p style=\"text-align: justify;\">\u201cEstamos apostando na constru\u00e7\u00e3o de pontes entre Brasil e Argentina, pois temos \u00e0 nossa frente o desafio da retomada dos fluxos de com\u00e9rcio e investimentos entre os nossos pa\u00edses\u201d, disse o ministro. \u201cO Brasil compreende que a Argentina \u00e9 um parceiro estrat\u00e9gico e por isso valorizamos o di\u00e1logo e a concerta\u00e7\u00e3o bilateral\u201d, completou.<\/p>\n<p style=\"text-align: justify;\">Marcos Pereira utilizou os resultados da III reuni\u00e3o da Comiss\u00e3o Bilateral de Produ\u00e7\u00e3o e Com\u00e9rcio, realizada no MDIC na semana passada, para demonstrar o novo momento das rela\u00e7\u00f5es entre os pa\u00edses. O encontro contou com a presen\u00e7a de uma delega\u00e7\u00e3o com cerca de 50 representantes argentinos.<\/p>\n<p style=\"text-align: justify;\">\u201cEstamos vivendo um momento sem precedentes na hist\u00f3ria recente do relacionamento dos nossos pa\u00edses, considerando o n\u00edvel de engajamento e o foco em resultados que demonstraram as nossas equipes nas reuni\u00f5es\u201d, afirmou. O sucesso da rodada tamb\u00e9m foi destacado pelo presidente Michel Temer. \u201cFicou claro que n\u00e3o existem tabus na rela\u00e7\u00e3o entre Brasil e Argentina. Nessa reuni\u00e3o, n\u00f3s buscamos resultados concretos\u201d, disse.<\/p>\n<p style=\"text-align: justify;\">Marcos Pereira destacou que o empenho dos governos brasileiro e argentino em intensificar o com\u00e9rcio bilateral come\u00e7a a gerar os primeiros resultados. \u201cPara exemplificar, menciono que, em janeiro deste ano, as exporta\u00e7\u00f5es brasileiras para a Argentina cresceram 14,1% e as importa\u00e7\u00f5es brasileiras de produtos argentinos aumentaram 27,1%. Esses aumentos nos d\u00e3o uma boa perspectiva de retomada do com\u00e9rcio em fun\u00e7\u00e3o do aumento da atividade das economias dos dois pa\u00edses\u201d.<\/p>\n<p style=\"text-align: justify;\">O ministro disse que, com intuito de efetivamente avan\u00e7ar em uma rela\u00e7\u00e3o bilateral institucionalizada e previs\u00edvel, Michel Temer e Mauricio Macri receber\u00e3o informes trimestrais sobre os progressos obtidos pelas equipes t\u00e9cnicas dos dois pa\u00edses. Todas decis\u00f5es e as pr\u00f3ximas etapas do processo de aproxima\u00e7\u00e3o entre Brasil e Argentina ser\u00e3o consolidadas em um documento, conforme o Plano de A\u00e7\u00e3o Brasil-Argentina assinado hoje por Temer e Macri. \u201cN\u00e3o haver\u00e1 dispers\u00e3o. Temos que reduzir, ao m\u00ednimo, as barreiras t\u00e9cnicas, sanit\u00e1rias e fitossanit\u00e1rias\u201d, afirmou o presidente Temer.<\/p>\n<p style=\"text-align: justify;\">Os presidentes assinaram tamb\u00e9m carta dirigida ao presidente do Banco Interamericano de Desenvolvimento (BID), Luis Alberto Moreno, na qual solicitam apoio na elabora\u00e7\u00e3o de estudos para desenvolvimento de mecanismo de converg\u00eancia e harmoniza\u00e7\u00e3o de normas. A proposta \u00e9, no futuro, constituir uma ag\u00eancia binacional. \u201cConcordamos que \u00e9 preciso aproveitar a atual converg\u00eancia entre os dois pa\u00edses em favor de brasileiros e argentinos\u201d, defendeu Temer.<\/p>\n<p style=\"text-align: justify;\"><strong>Pr\u00f3ximos passos<\/strong><\/p>\n<p style=\"text-align: justify;\">Brasil e Argentina querem avan\u00e7ar nas negocia\u00e7\u00f5es do Protocolo de Coopera\u00e7\u00e3o e Facilita\u00e7\u00e3o de Investimentos e do novo Protocolo de Compras P\u00fablicas do Mercosul, com vistas \u00e0 conclus\u00e3o dos textos desses instrumentos ainda durante este ano. \u201cDiante de um mundo de tantas e tamanhas incertezas, a resposta do Brasil e da Argentina \u00e9 mais e mais coopera\u00e7\u00e3o e integra\u00e7\u00e3o\u201d, afirmou Michel Temer.<\/p>\n<p style=\"text-align: justify;\">Em rela\u00e7\u00e3o ao Mercosul, Marcos Pereira ressaltou que \u00e9 fundamental realizar a integra\u00e7\u00e3o plena do Mercosul aos fluxos internacionais de com\u00e9rcio, por meio da assinatura de acordos comerciais abrangentes e relevantes. Outra meta ser\u00e1 a integra\u00e7\u00e3o entre pa\u00edses da Am\u00e9rica Latina e M\u00e9xico e as rela\u00e7\u00f5es entre Mercosul e Alian\u00e7a do Pac\u00edfico.<\/p>\n<p style=\"text-align: justify;\">\u201cCoincidimos em estabelecer mecanismo de coordena\u00e7\u00e3o das negocia\u00e7\u00f5es em busca de um acordo equilibrado, ambicioso e mutuamente ben\u00e9fico entre Mercosul e Uni\u00e3o Europeia. Al\u00e9m disso, pudemos reafirmar o nosso compromisso com a intensifica\u00e7\u00e3o das negocia\u00e7\u00f5es comerciais do Mercosul com o Canad\u00e1, a Associa\u00e7\u00e3o Europeia de Livre Com\u00e9rcio (EFTA), \u00cdndia e SACU, ademais de engajarmos na prospec\u00e7\u00e3o de novas frentes negociadoras com pa\u00edses em desenvolvimento\u201d.<\/p>\n<p style=\"text-align: justify;\"><strong>Assessoria de Comunica\u00e7\u00e3o Social do MDIC<br \/>\n(61) 2027-7190 e 2027-7198<br \/>\n<\/strong><strong><span id=\"cloak44887\"><a href=\"mailto:imprensa@mdic.gov.br\">imprensa@mdic.gov.br<\/a><\/span><\/strong><strong>\u00a0<\/strong><\/p>\n","protected":false},"excerpt":{"rendered":"<p>Bras\u00edlia (7 de fevereiro) &#8211; O ministro Marcos Pereira participou nesta ter\u00e7a-feira de reuni\u00e3o no Pal\u00e1cio do Planalto, com o<span class=\"excerpt-hellip\"> [\u2026]<\/span><\/p>\n","protected":false},"author":1,"featured_media":4140,"comment_status":"open","ping_status":"open","sticky":false,"template":"","format":"standard","meta":{"footnotes":""},"categories":[3],"tags":[],"class_list":["post-4139","post","type-post","status-publish","format-standard","has-post-thumbnail","hentry","category-ultimas-novidades"],"_links":{"self":[{"href":"https:\/\/republicanos10mg.org.br\/site\/wp-json\/wp\/v2\/posts\/4139","targetHints":{"allow":["GET"]}}],"collection":[{"href":"https:\/\/republicanos10mg.org.br\/site\/wp-json\/wp\/v2\/posts"}],"about":[{"href":"https:\/\/republicanos10mg.org.br\/site\/wp-json\/wp\/v2\/types\/post"}],"author":[{"embeddable":true,"href":"https:\/\/republicanos10mg.org.br\/site\/wp-json\/wp\/v2\/users\/1"}],"replies":[{"embeddable":true,"href":"https:\/\/republicanos10mg.org.br\/site\/wp-json\/wp\/v2\/comments?post=4139"}],"version-history":[{"count":0,"href":"https:\/\/republicanos10mg.org.br\/site\/wp-json\/wp\/v2\/posts\/4139\/revisions"}],"wp:featuredmedia":[{"embeddable":true,"href":"https:\/\/republicanos10mg.org.br\/site\/wp-json\/wp\/v2\/media\/4140"}],"wp:attachment":[{"href":"https:\/\/republicanos10mg.org.br\/site\/wp-json\/wp\/v2\/media?parent=4139"}],"wp:term":[{"taxonomy":"category","embeddable":true,"href":"https:\/\/republicanos10mg.org.br\/site\/wp-json\/wp\/v2\/categories?post=4139"},{"taxonomy":"post_tag","embeddable":true,"href":"https:\/\/republicanos10mg.org.br\/site\/wp-json\/wp\/v2\/tags?post=4139"}],"curies":[{"name":"wp","href":"https:\/\/api.w.org\/{rel}","templated":true}]}}