{"id":10945,"date":"2026-04-27T08:00:41","date_gmt":"2026-04-27T11:00:41","guid":{"rendered":"https:\/\/republicanos10mg.org.br\/site\/?p=10945"},"modified":"2026-04-26T21:36:16","modified_gmt":"2026-04-27T00:36:16","slug":"punicao-que-gera-inclusao-lei-de-charles-santos-transforma-estadios-em-espacos-de-acolhimento-para-pessoas-com-tea","status":"publish","type":"post","link":"https:\/\/republicanos10mg.org.br\/site\/punicao-que-gera-inclusao-lei-de-charles-santos-transforma-estadios-em-espacos-de-acolhimento-para-pessoas-com-tea\/","title":{"rendered":"Puni\u00e7\u00e3o que gera inclus\u00e3o: lei de Charles Santos transforma est\u00e1dios em espa\u00e7os de acolhimento para pessoas com TEA"},"content":{"rendered":"<p><img loading=\"lazy\" decoding=\"async\" class=\"aligncenter wp-image-10946\" src=\"https:\/\/republicanos10mg.org.br\/site\/wp-content\/uploads\/2026\/04\/2531635-2-1024x682.jpg\" alt=\"\" width=\"750\" height=\"500\" title=\"\" srcset=\"https:\/\/republicanos10mg.org.br\/site\/wp-content\/uploads\/2026\/04\/2531635-2-1024x682.jpg 1024w, https:\/\/republicanos10mg.org.br\/site\/wp-content\/uploads\/2026\/04\/2531635-2-300x200.jpg 300w, https:\/\/republicanos10mg.org.br\/site\/wp-content\/uploads\/2026\/04\/2531635-2-768x512.jpg 768w, https:\/\/republicanos10mg.org.br\/site\/wp-content\/uploads\/2026\/04\/2531635-2-113x75.jpg 113w, https:\/\/republicanos10mg.org.br\/site\/wp-content\/uploads\/2026\/04\/2531635-2-480x320.jpg 480w, https:\/\/republicanos10mg.org.br\/site\/wp-content\/uploads\/2026\/04\/2531635-2.jpg 1400w\" sizes=\"auto, (max-width:767px) 480px, 750px\" \/><br \/>\nMinas Gerais avan\u00e7a em uma pauta essencial de inclus\u00e3o social e cidadania. Foi publicada a Lei n\u00ba 25.825, de autoria do deputado estadual Charles Santos, que garante a gratuidade de ingressos para pessoas com Transtorno do Espectro Autista (TEA) e outras defici\u00eancias associadas \u00e0 hipersensibilidade sensorial.<\/p>\n<p>A proposta se destaca pelo car\u00e1ter inovador ao transformar uma medida punitiva em oportunidade de inclus\u00e3o. A legisla\u00e7\u00e3o prev\u00ea que os ingressos sejam destinados justamente para partidas em que o clube mandante esteja cumprindo san\u00e7\u00f5es, como perda de mando de campo ou jogos com port\u00f5es fechados. O que antes significava arquibancadas vazias passa a representar um ambiente mais tranquilo, seguro e acess\u00edvel para fam\u00edlias que, muitas vezes, encontram barreiras para vivenciar o esporte.<\/p>\n<p><strong>Inclus\u00e3o com acolhimento e seguran\u00e7a<\/strong><\/p>\n<p>A lei tamb\u00e9m assegura o acesso gratuito a pais, respons\u00e1veis ou cuidadores, garantindo o suporte necess\u00e1rio para que as pessoas com defici\u00eancia possam aproveitar a experi\u00eancia com conforto e dignidade. A medida reconhece a import\u00e2ncia do acompanhamento familiar, especialmente em contextos que exigem aten\u00e7\u00e3o a est\u00edmulos sensoriais.<\/p>\n<p>Segundo o deputado Charles Santos, a iniciativa refor\u00e7a o compromisso com uma sociedade mais justa:<br \/>\n\u201cA proposta busca transformar um cen\u00e1rio de puni\u00e7\u00e3o em uma oportunidade concreta de inclus\u00e3o, fazendo do est\u00e1dio um espa\u00e7o de acolhimento e respeito \u00e0s fam\u00edlias mineiras.\u201d<\/p>\n<p><strong>Compromisso com as pautas sociais<\/strong><\/p>\n<p>Coordenador e incentivador da Frente Parlamentar em Defesa da Fam\u00edlia e da Vida na Assembleia Legislativa de Minas Gerais, Charles Santos consolida, com essa iniciativa, sua atua\u00e7\u00e3o voltada \u00e0 promo\u00e7\u00e3o da dignidade humana e \u00e0 redu\u00e7\u00e3o das desigualdades.<\/p>\n<p>A nova lei representa um passo importante para ampliar o acesso ao esporte, ao lazer e \u00e0 conviv\u00eancia social, especialmente para pessoas com TEA, que muitas vezes enfrentam desafios em ambientes com excesso de est\u00edmulos. Ao propor um ambiente mais controlado e inclusivo, Minas Gerais reafirma seu compromisso com pol\u00edticas p\u00fablicas que colocam as pessoas no centro das decis\u00f5es.<\/p>\n","protected":false},"excerpt":{"rendered":"<p>Minas Gerais avan\u00e7a em uma pauta essencial de inclus\u00e3o social e cidadania. Foi publicada a Lei n\u00ba 25.825, de autoria<span class=\"excerpt-hellip\"> [\u2026]<\/span><\/p>\n","protected":false},"author":1,"featured_media":10946,"comment_status":"closed","ping_status":"closed","sticky":false,"template":"","format":"standard","meta":{"footnotes":""},"categories":[1],"tags":[],"class_list":["post-10945","post","type-post","status-publish","format-standard","has-post-thumbnail","hentry","category-sem-categoria"],"_links":{"self":[{"href":"https:\/\/republicanos10mg.org.br\/site\/wp-json\/wp\/v2\/posts\/10945","targetHints":{"allow":["GET"]}}],"collection":[{"href":"https:\/\/republicanos10mg.org.br\/site\/wp-json\/wp\/v2\/posts"}],"about":[{"href":"https:\/\/republicanos10mg.org.br\/site\/wp-json\/wp\/v2\/types\/post"}],"author":[{"embeddable":true,"href":"https:\/\/republicanos10mg.org.br\/site\/wp-json\/wp\/v2\/users\/1"}],"replies":[{"embeddable":true,"href":"https:\/\/republicanos10mg.org.br\/site\/wp-json\/wp\/v2\/comments?post=10945"}],"version-history":[{"count":1,"href":"https:\/\/republicanos10mg.org.br\/site\/wp-json\/wp\/v2\/posts\/10945\/revisions"}],"predecessor-version":[{"id":10947,"href":"https:\/\/republicanos10mg.org.br\/site\/wp-json\/wp\/v2\/posts\/10945\/revisions\/10947"}],"wp:featuredmedia":[{"embeddable":true,"href":"https:\/\/republicanos10mg.org.br\/site\/wp-json\/wp\/v2\/media\/10946"}],"wp:attachment":[{"href":"https:\/\/republicanos10mg.org.br\/site\/wp-json\/wp\/v2\/media?parent=10945"}],"wp:term":[{"taxonomy":"category","embeddable":true,"href":"https:\/\/republicanos10mg.org.br\/site\/wp-json\/wp\/v2\/categories?post=10945"},{"taxonomy":"post_tag","embeddable":true,"href":"https:\/\/republicanos10mg.org.br\/site\/wp-json\/wp\/v2\/tags?post=10945"}],"curies":[{"name":"wp","href":"https:\/\/api.w.org\/{rel}","templated":true}]}}